{"id":10636,"date":"2013-11-21T00:27:42","date_gmt":"2013-11-21T00:27:42","guid":{"rendered":"http:\/\/barreiroweb.eu\/?p=10636"},"modified":"2013-11-21T00:27:42","modified_gmt":"2013-11-21T00:27:42","slug":"catabrisa-e-prometeu-encerram-festa-da-marioneta-no-concelho-da-moita","status":"publish","type":"post","link":"https:\/\/arquivo.barreiroweb.net\/?p=10636","title":{"rendered":"Catabrisa\u201d e \u201cPrometeu\u201d encerram Festa da Marioneta no concelho da Moita"},"content":{"rendered":"<p style=\"text-align: justify;\"><a href=\"http:\/\/barreiroweb.eu\/wp-content\/uploads\/2013\/11\/Catabrisa.jpg\" rel=\"lightbox[10636]\"><img loading=\"lazy\" decoding=\"async\" class=\"alignleft size-medium wp-image-10637\" alt=\"Catabrisa\" src=\"http:\/\/barreiroweb.eu\/wp-content\/uploads\/2013\/11\/Catabrisa-300x199.jpg\" width=\"300\" height=\"199\" srcset=\"https:\/\/arquivo.barreiroweb.net\/wp-content\/uploads\/2013\/11\/Catabrisa-300x199.jpg 300w, https:\/\/arquivo.barreiroweb.net\/wp-content\/uploads\/2013\/11\/Catabrisa.jpg 314w\" sizes=\"auto, (max-width: 300px) 100vw, 300px\" \/><\/a>A Festa da Marioneta, promovida pela ArtemRede, est\u00e1 a terminar. No concelho da Moita, os dois \u00faltimos espet\u00e1culos est\u00e3o agendados para os dias 22 e 23 de novembro, no F\u00f3rum Cultural Jos\u00e9 Manuel Figueiredo, na Baixa da Banheira.<\/p>\n<p style=\"text-align: justify;\"><b>\u201cCatabrisa\u201d<\/b> \u00e9 o <b>espet\u00e1culo de dan\u00e7a e teatro de sombras<\/b> que a Companhia Inst\u00e1vel vai apresentar, no dia <b>22<\/b>, em tr\u00eas sess\u00f5es: \u00e0s 10:30h e 14:30h para escolas do concelho e \u00e0s <b>21:30h<\/b> para crian\u00e7as a partir dos 6 anos e suas fam\u00edlias.<\/p>\n<p style=\"text-align: justify;\">\u00c0s <b>16:00h<\/b> do dia <b>23<\/b>, a Lafontana Produ\u00e7\u00f5es Art\u00edsticas sobe ao palco do F\u00f3rum Cultural com o seu <b>espet\u00e1culo de teatro de sombras e multim\u00e9dia<\/b> <b>\u201cPrometeu\u201d<\/b>, dirigido a crian\u00e7as a partir dos 6 anos e suas fam\u00edlias.<\/p>\n<p style=\"text-align: justify;\">Os bilhetes \u2013 1,84 euros para menores de 12 anos e 3,05 euros para maiores de 12 anos \u2013 est\u00e3o dispon\u00edveis na bilheteira do F\u00f3rum Cultural Jos\u00e9 Manuel Figueiredo, na Baixa da Banheira.<\/p>\n<p style=\"text-align: justify;\">\n<p style=\"text-align: justify;\"><b>Sinopse de Catabrisa:<\/b><\/p>\n<p style=\"text-align: justify;\">Olha \u00e0 tua volta: tudo se mexe. Tudo mexe com tudo. At\u00e9 a respirar mexemos com o ar. J\u00e1 ouviste dizer que esta brisa que sentes no cabelo pode vir do outro lado do mundo, onde uma pequena borboleta bate as asas? Ou que pode vir do teu interior, da tua for\u00e7a de vontade?<\/p>\n<p style=\"text-align: justify;\">Talvez esta seja uma hist\u00f3ria sobre o vento, pois \u00e9 com o vento que v\u00e3o e v\u00eam as sementes, \u00e9 com o vento que v\u00e3o e v\u00eam as ideias e a vontade de mudar o mundo.<\/p>\n<p style=\"text-align: justify;\">Um menino, em tudo igual a todos os meninos, vive as maiores aventuras de sempre: a aventura da curiosidade, do desejo, da descoberta, do espanto, da inven\u00e7\u00e3o, a aventura de quem nasce e cresce com o corpo e a mente aos rodopios.<\/p>\n<p style=\"text-align: justify;\"><b>Sinopse de Prometeu:<\/b><\/p>\n<p style=\"text-align: justify;\">Segundo a mitologia grega, depois de Zeus ter criado os seres vivos, coube a Prometeu e seu irm\u00e3o, Epimeteu, a tarefa de atribuir a cada animal variados dons e aptid\u00f5es naturais; alguns receberam asas, outros patas velozes, garras afiadas, carapa\u00e7as de prote\u00e7\u00e3o, etc. Quando chegou a vez do homem, que deveria ser superior a todos os animais, Epimeteu esgotara j\u00e1 todos os recursos. Recorre ent\u00e3o a seu irm\u00e3o Prometeu, que rouba o fogo dos deuses, assegurando desta feita a superioridade dos homens sobre os outros animais. Como puni\u00e7\u00e3o a Prometeu, Zeus ordena a Hefesto que o acorrente para sempre ao cume do Monte C\u00e1ucaso, onde todos os dias uma \u00e1guia devorava o seu f\u00edgado que se regenerava sempre. Aos homens, tamb\u00e9m castiga Zeus, criando a mortal Pandora e enviando-a como noiva a Epimeteu. Juntamente com Pandora, manda uma caixa fechada contendo um segredo que nunca deveria ser desvendado. Movida por uma imensa curiosidade, Pandora abre a caixa, libertando para todo o sempre os males da humanidade.<\/p>\n<p style=\"text-align: justify;\"><b>Hor\u00e1rio da Bilheteira:\u00a0<\/b><\/p>\n<p style=\"text-align: justify;\">De 3\u00aa a s\u00e1bado \u2013 14:30h \u00e0s 19:30h<\/p>\n<p style=\"text-align: justify;\">Dias de espet\u00e1culo e cinema\u00a0 \u2013 uma hora antes do in\u00edcio do espet\u00e1culo ou sess\u00e3o.<br \/>\nOs bilhetes podem ainda ser reservados, atrav\u00e9s do telefone 210 888 900, no hor\u00e1rio de funcionamento da bilheteira. <strong>As reservas t\u00eam de ser\u00a0levantadas, no m\u00e1ximo,\u00a0at\u00e9 1h antes do in\u00edcio do espet\u00e1culo<\/strong>, com um limite de cinco bilhetes por reserva.<\/p>\n<p style=\"text-align: justify;\">C\u00e2mara Municipal da Moita<\/p>\n","protected":false},"excerpt":{"rendered":"<p>A Festa da Marioneta, promovida pela ArtemRede, est\u00e1 a terminar. No concelho da Moita, os dois \u00faltimos espet\u00e1culos est\u00e3o agendados para os dias 22 e 23 de novembro, no F\u00f3rum Cultural Jos\u00e9 Manuel Figueiredo, na Baixa da Banheira. \u201cCatabrisa\u201d \u00e9 o espet\u00e1culo de dan\u00e7a e teatro de sombras que a Companhia Inst\u00e1vel vai apresentar, no [&hellip;]<\/p>\n","protected":false},"author":1,"featured_media":10637,"comment_status":"open","ping_status":"open","sticky":false,"template":"","format":"standard","meta":{"footnotes":""},"categories":[32,10],"tags":[37,745],"class_list":["post-10636","post","type-post","status-publish","format-standard","has-post-thumbnail","hentry","category-destaque","category-teatro","tag-moita","tag-teatro","last_archivepost"],"yoast_head":"<!-- This site is optimized with the Yoast SEO plugin v27.1.1 - https:\/\/yoast.com\/product\/yoast-seo-wordpress\/ -->\n<title>Catabrisa\u201d e \u201cPrometeu\u201d encerram Festa da Marioneta no concelho da Moita - barreiroweb<\/title>\n<meta name=\"robots\" content=\"index, follow, max-snippet:-1, max-image-preview:large, max-video-preview:-1\" \/>\n<link rel=\"canonical\" href=\"https:\/\/arquivo.barreiroweb.net\/?p=10636\" \/>\n<meta property=\"og:locale\" content=\"pt_PT\" \/>\n<meta property=\"og:type\" content=\"article\" \/>\n<meta property=\"og:title\" content=\"Catabrisa\u201d e \u201cPrometeu\u201d encerram Festa da Marioneta no concelho da Moita - barreiroweb\" \/>\n<meta property=\"og:description\" content=\"A Festa da Marioneta, promovida pela ArtemRede, est\u00e1 a terminar. No concelho da Moita, os dois \u00faltimos espet\u00e1culos est\u00e3o agendados para os dias 22 e 23 de novembro, no F\u00f3rum Cultural Jos\u00e9 Manuel Figueiredo, na Baixa da Banheira. \u201cCatabrisa\u201d \u00e9 o espet\u00e1culo de dan\u00e7a e teatro de sombras que a Companhia Inst\u00e1vel vai apresentar, no [&hellip;]\" \/>\n<meta property=\"og:url\" content=\"https:\/\/arquivo.barreiroweb.net\/?p=10636\" \/>\n<meta property=\"og:site_name\" content=\"barreiroweb\" \/>\n<meta property=\"article:publisher\" content=\"https:\/\/www.facebook.com\/barreiroweb\" \/>\n<meta property=\"article:published_time\" content=\"2013-11-21T00:27:42+00:00\" \/>\n<meta property=\"og:image\" content=\"https:\/\/arquivo.barreiroweb.net\/wp-content\/uploads\/2013\/11\/Catabrisa.jpg\" \/>\n\t<meta property=\"og:image:width\" content=\"314\" \/>\n\t<meta property=\"og:image:height\" content=\"209\" \/>\n\t<meta property=\"og:image:type\" content=\"image\/jpeg\" \/>\n<meta name=\"author\" content=\"barreiroweb\" \/>\n<meta name=\"twitter:card\" content=\"summary_large_image\" \/>\n<meta name=\"twitter:creator\" content=\"@barreiroweb\" \/>\n<meta name=\"twitter:site\" content=\"@barreiroweb\" \/>\n<meta name=\"twitter:label1\" content=\"Escrito por\" \/>\n\t<meta name=\"twitter:data1\" content=\"barreiroweb\" \/>\n\t<meta name=\"twitter:label2\" content=\"Tempo estimado de leitura\" \/>\n\t<meta name=\"twitter:data2\" content=\"3 minutos\" \/>\n<script type=\"application\/ld+json\" class=\"yoast-schema-graph\">{\"@context\":\"https:\/\/schema.org\",\"@graph\":[{\"@type\":\"Article\",\"@id\":\"https:\/\/arquivo.barreiroweb.net\/?p=10636#article\",\"isPartOf\":{\"@id\":\"https:\/\/arquivo.barreiroweb.net\/?p=10636\"},\"author\":{\"name\":\"barreiroweb\",\"@id\":\"https:\/\/arquivo.barreiroweb.net\/#\/schema\/person\/44b6d528aff975e3786c9f475f9df2dd\"},\"headline\":\"Catabrisa\u201d e \u201cPrometeu\u201d encerram Festa da Marioneta no concelho da Moita\",\"datePublished\":\"2013-11-21T00:27:42+00:00\",\"mainEntityOfPage\":{\"@id\":\"https:\/\/arquivo.barreiroweb.net\/?p=10636\"},\"wordCount\":565,\"commentCount\":0,\"publisher\":{\"@id\":\"https:\/\/arquivo.barreiroweb.net\/#organization\"},\"image\":{\"@id\":\"https:\/\/arquivo.barreiroweb.net\/?p=10636#primaryimage\"},\"thumbnailUrl\":\"https:\/\/arquivo.barreiroweb.net\/wp-content\/uploads\/2013\/11\/Catabrisa.jpg\",\"keywords\":[\"moita\",\"teatro\"],\"articleSection\":[\"Destaque\",\"Teatro\"],\"inLanguage\":\"pt-PT\",\"potentialAction\":[{\"@type\":\"CommentAction\",\"name\":\"Comment\",\"target\":[\"https:\/\/arquivo.barreiroweb.net\/?p=10636#respond\"]}]},{\"@type\":\"WebPage\",\"@id\":\"https:\/\/arquivo.barreiroweb.net\/?p=10636\",\"url\":\"https:\/\/arquivo.barreiroweb.net\/?p=10636\",\"name\":\"Catabrisa\u201d e \u201cPrometeu\u201d encerram Festa da Marioneta no concelho da Moita - barreiroweb\",\"isPartOf\":{\"@id\":\"https:\/\/arquivo.barreiroweb.net\/#website\"},\"primaryImageOfPage\":{\"@id\":\"https:\/\/arquivo.barreiroweb.net\/?p=10636#primaryimage\"},\"image\":{\"@id\":\"https:\/\/arquivo.barreiroweb.net\/?p=10636#primaryimage\"},\"thumbnailUrl\":\"https:\/\/arquivo.barreiroweb.net\/wp-content\/uploads\/2013\/11\/Catabrisa.jpg\",\"datePublished\":\"2013-11-21T00:27:42+00:00\",\"breadcrumb\":{\"@id\":\"https:\/\/arquivo.barreiroweb.net\/?p=10636#breadcrumb\"},\"inLanguage\":\"pt-PT\",\"potentialAction\":[{\"@type\":\"ReadAction\",\"target\":[\"https:\/\/arquivo.barreiroweb.net\/?p=10636\"]}]},{\"@type\":\"ImageObject\",\"inLanguage\":\"pt-PT\",\"@id\":\"https:\/\/arquivo.barreiroweb.net\/?p=10636#primaryimage\",\"url\":\"https:\/\/arquivo.barreiroweb.net\/wp-content\/uploads\/2013\/11\/Catabrisa.jpg\",\"contentUrl\":\"https:\/\/arquivo.barreiroweb.net\/wp-content\/uploads\/2013\/11\/Catabrisa.jpg\",\"width\":314,\"height\":209},{\"@type\":\"BreadcrumbList\",\"@id\":\"https:\/\/arquivo.barreiroweb.net\/?p=10636#breadcrumb\",\"itemListElement\":[{\"@type\":\"ListItem\",\"position\":1,\"name\":\"In\u00edcio\",\"item\":\"https:\/\/arquivo.barreiroweb.net\/\"},{\"@type\":\"ListItem\",\"position\":2,\"name\":\"Catabrisa\u201d e \u201cPrometeu\u201d encerram Festa da Marioneta no concelho da Moita\"}]},{\"@type\":\"WebSite\",\"@id\":\"https:\/\/arquivo.barreiroweb.net\/#website\",\"url\":\"https:\/\/arquivo.barreiroweb.net\/\",\"name\":\"barreiroweb\",\"description\":\"Barreiroweb o barreiro na web\",\"publisher\":{\"@id\":\"https:\/\/arquivo.barreiroweb.net\/#organization\"},\"potentialAction\":[{\"@type\":\"SearchAction\",\"target\":{\"@type\":\"EntryPoint\",\"urlTemplate\":\"https:\/\/arquivo.barreiroweb.net\/?s={search_term_string}\"},\"query-input\":{\"@type\":\"PropertyValueSpecification\",\"valueRequired\":true,\"valueName\":\"search_term_string\"}}],\"inLanguage\":\"pt-PT\"},{\"@type\":\"Organization\",\"@id\":\"https:\/\/arquivo.barreiroweb.net\/#organization\",\"name\":\"barreiroweb\",\"url\":\"https:\/\/arquivo.barreiroweb.net\/\",\"logo\":{\"@type\":\"ImageObject\",\"inLanguage\":\"pt-PT\",\"@id\":\"https:\/\/arquivo.barreiroweb.net\/#\/schema\/logo\/image\/\",\"url\":\"https:\/\/barreiroweb.net\/wp-content\/uploads\/2022\/05\/BarreiroWeb555.jpg\",\"contentUrl\":\"https:\/\/barreiroweb.net\/wp-content\/uploads\/2022\/05\/BarreiroWeb555.jpg\",\"width\":421,\"height\":415,\"caption\":\"barreiroweb\"},\"image\":{\"@id\":\"https:\/\/arquivo.barreiroweb.net\/#\/schema\/logo\/image\/\"},\"sameAs\":[\"https:\/\/www.facebook.com\/barreiroweb\",\"https:\/\/x.com\/barreiroweb\"]},{\"@type\":\"Person\",\"@id\":\"https:\/\/arquivo.barreiroweb.net\/#\/schema\/person\/44b6d528aff975e3786c9f475f9df2dd\",\"name\":\"barreiroweb\",\"image\":{\"@type\":\"ImageObject\",\"inLanguage\":\"pt-PT\",\"@id\":\"https:\/\/arquivo.barreiroweb.net\/#\/schema\/person\/image\/\",\"url\":\"https:\/\/secure.gravatar.com\/avatar\/1f764b917967430404ff0b452044eb63a25d64a5363b25be2aa42273930f477d?s=96&d=mm&r=g\",\"contentUrl\":\"https:\/\/secure.gravatar.com\/avatar\/1f764b917967430404ff0b452044eb63a25d64a5363b25be2aa42273930f477d?s=96&d=mm&r=g\",\"caption\":\"barreiroweb\"},\"url\":\"https:\/\/arquivo.barreiroweb.net\/?author=1\"}]}<\/script>\n<!-- \/ Yoast SEO plugin. -->","yoast_head_json":{"title":"Catabrisa\u201d e \u201cPrometeu\u201d encerram Festa da Marioneta no concelho da Moita - barreiroweb","robots":{"index":"index","follow":"follow","max-snippet":"max-snippet:-1","max-image-preview":"max-image-preview:large","max-video-preview":"max-video-preview:-1"},"canonical":"https:\/\/arquivo.barreiroweb.net\/?p=10636","og_locale":"pt_PT","og_type":"article","og_title":"Catabrisa\u201d e \u201cPrometeu\u201d encerram Festa da Marioneta no concelho da Moita - barreiroweb","og_description":"A Festa da Marioneta, promovida pela ArtemRede, est\u00e1 a terminar. No concelho da Moita, os dois \u00faltimos espet\u00e1culos est\u00e3o agendados para os dias 22 e 23 de novembro, no F\u00f3rum Cultural Jos\u00e9 Manuel Figueiredo, na Baixa da Banheira. \u201cCatabrisa\u201d \u00e9 o espet\u00e1culo de dan\u00e7a e teatro de sombras que a Companhia Inst\u00e1vel vai apresentar, no [&hellip;]","og_url":"https:\/\/arquivo.barreiroweb.net\/?p=10636","og_site_name":"barreiroweb","article_publisher":"https:\/\/www.facebook.com\/barreiroweb","article_published_time":"2013-11-21T00:27:42+00:00","og_image":[{"width":314,"height":209,"url":"https:\/\/arquivo.barreiroweb.net\/wp-content\/uploads\/2013\/11\/Catabrisa.jpg","type":"image\/jpeg"}],"author":"barreiroweb","twitter_card":"summary_large_image","twitter_creator":"@barreiroweb","twitter_site":"@barreiroweb","twitter_misc":{"Escrito por":"barreiroweb","Tempo estimado de leitura":"3 minutos"},"schema":{"@context":"https:\/\/schema.org","@graph":[{"@type":"Article","@id":"https:\/\/arquivo.barreiroweb.net\/?p=10636#article","isPartOf":{"@id":"https:\/\/arquivo.barreiroweb.net\/?p=10636"},"author":{"name":"barreiroweb","@id":"https:\/\/arquivo.barreiroweb.net\/#\/schema\/person\/44b6d528aff975e3786c9f475f9df2dd"},"headline":"Catabrisa\u201d e \u201cPrometeu\u201d encerram Festa da Marioneta no concelho da Moita","datePublished":"2013-11-21T00:27:42+00:00","mainEntityOfPage":{"@id":"https:\/\/arquivo.barreiroweb.net\/?p=10636"},"wordCount":565,"commentCount":0,"publisher":{"@id":"https:\/\/arquivo.barreiroweb.net\/#organization"},"image":{"@id":"https:\/\/arquivo.barreiroweb.net\/?p=10636#primaryimage"},"thumbnailUrl":"https:\/\/arquivo.barreiroweb.net\/wp-content\/uploads\/2013\/11\/Catabrisa.jpg","keywords":["moita","teatro"],"articleSection":["Destaque","Teatro"],"inLanguage":"pt-PT","potentialAction":[{"@type":"CommentAction","name":"Comment","target":["https:\/\/arquivo.barreiroweb.net\/?p=10636#respond"]}]},{"@type":"WebPage","@id":"https:\/\/arquivo.barreiroweb.net\/?p=10636","url":"https:\/\/arquivo.barreiroweb.net\/?p=10636","name":"Catabrisa\u201d e \u201cPrometeu\u201d encerram Festa da Marioneta no concelho da Moita - barreiroweb","isPartOf":{"@id":"https:\/\/arquivo.barreiroweb.net\/#website"},"primaryImageOfPage":{"@id":"https:\/\/arquivo.barreiroweb.net\/?p=10636#primaryimage"},"image":{"@id":"https:\/\/arquivo.barreiroweb.net\/?p=10636#primaryimage"},"thumbnailUrl":"https:\/\/arquivo.barreiroweb.net\/wp-content\/uploads\/2013\/11\/Catabrisa.jpg","datePublished":"2013-11-21T00:27:42+00:00","breadcrumb":{"@id":"https:\/\/arquivo.barreiroweb.net\/?p=10636#breadcrumb"},"inLanguage":"pt-PT","potentialAction":[{"@type":"ReadAction","target":["https:\/\/arquivo.barreiroweb.net\/?p=10636"]}]},{"@type":"ImageObject","inLanguage":"pt-PT","@id":"https:\/\/arquivo.barreiroweb.net\/?p=10636#primaryimage","url":"https:\/\/arquivo.barreiroweb.net\/wp-content\/uploads\/2013\/11\/Catabrisa.jpg","contentUrl":"https:\/\/arquivo.barreiroweb.net\/wp-content\/uploads\/2013\/11\/Catabrisa.jpg","width":314,"height":209},{"@type":"BreadcrumbList","@id":"https:\/\/arquivo.barreiroweb.net\/?p=10636#breadcrumb","itemListElement":[{"@type":"ListItem","position":1,"name":"In\u00edcio","item":"https:\/\/arquivo.barreiroweb.net\/"},{"@type":"ListItem","position":2,"name":"Catabrisa\u201d e \u201cPrometeu\u201d encerram Festa da Marioneta no concelho da Moita"}]},{"@type":"WebSite","@id":"https:\/\/arquivo.barreiroweb.net\/#website","url":"https:\/\/arquivo.barreiroweb.net\/","name":"barreiroweb","description":"Barreiroweb o barreiro na web","publisher":{"@id":"https:\/\/arquivo.barreiroweb.net\/#organization"},"potentialAction":[{"@type":"SearchAction","target":{"@type":"EntryPoint","urlTemplate":"https:\/\/arquivo.barreiroweb.net\/?s={search_term_string}"},"query-input":{"@type":"PropertyValueSpecification","valueRequired":true,"valueName":"search_term_string"}}],"inLanguage":"pt-PT"},{"@type":"Organization","@id":"https:\/\/arquivo.barreiroweb.net\/#organization","name":"barreiroweb","url":"https:\/\/arquivo.barreiroweb.net\/","logo":{"@type":"ImageObject","inLanguage":"pt-PT","@id":"https:\/\/arquivo.barreiroweb.net\/#\/schema\/logo\/image\/","url":"https:\/\/barreiroweb.net\/wp-content\/uploads\/2022\/05\/BarreiroWeb555.jpg","contentUrl":"https:\/\/barreiroweb.net\/wp-content\/uploads\/2022\/05\/BarreiroWeb555.jpg","width":421,"height":415,"caption":"barreiroweb"},"image":{"@id":"https:\/\/arquivo.barreiroweb.net\/#\/schema\/logo\/image\/"},"sameAs":["https:\/\/www.facebook.com\/barreiroweb","https:\/\/x.com\/barreiroweb"]},{"@type":"Person","@id":"https:\/\/arquivo.barreiroweb.net\/#\/schema\/person\/44b6d528aff975e3786c9f475f9df2dd","name":"barreiroweb","image":{"@type":"ImageObject","inLanguage":"pt-PT","@id":"https:\/\/arquivo.barreiroweb.net\/#\/schema\/person\/image\/","url":"https:\/\/secure.gravatar.com\/avatar\/1f764b917967430404ff0b452044eb63a25d64a5363b25be2aa42273930f477d?s=96&d=mm&r=g","contentUrl":"https:\/\/secure.gravatar.com\/avatar\/1f764b917967430404ff0b452044eb63a25d64a5363b25be2aa42273930f477d?s=96&d=mm&r=g","caption":"barreiroweb"},"url":"https:\/\/arquivo.barreiroweb.net\/?author=1"}]}},"_links":{"self":[{"href":"https:\/\/arquivo.barreiroweb.net\/index.php?rest_route=\/wp\/v2\/posts\/10636","targetHints":{"allow":["GET"]}}],"collection":[{"href":"https:\/\/arquivo.barreiroweb.net\/index.php?rest_route=\/wp\/v2\/posts"}],"about":[{"href":"https:\/\/arquivo.barreiroweb.net\/index.php?rest_route=\/wp\/v2\/types\/post"}],"author":[{"embeddable":true,"href":"https:\/\/arquivo.barreiroweb.net\/index.php?rest_route=\/wp\/v2\/users\/1"}],"replies":[{"embeddable":true,"href":"https:\/\/arquivo.barreiroweb.net\/index.php?rest_route=%2Fwp%2Fv2%2Fcomments&post=10636"}],"version-history":[{"count":1,"href":"https:\/\/arquivo.barreiroweb.net\/index.php?rest_route=\/wp\/v2\/posts\/10636\/revisions"}],"predecessor-version":[{"id":10638,"href":"https:\/\/arquivo.barreiroweb.net\/index.php?rest_route=\/wp\/v2\/posts\/10636\/revisions\/10638"}],"wp:featuredmedia":[{"embeddable":true,"href":"https:\/\/arquivo.barreiroweb.net\/index.php?rest_route=\/wp\/v2\/media\/10637"}],"wp:attachment":[{"href":"https:\/\/arquivo.barreiroweb.net\/index.php?rest_route=%2Fwp%2Fv2%2Fmedia&parent=10636"}],"wp:term":[{"taxonomy":"category","embeddable":true,"href":"https:\/\/arquivo.barreiroweb.net\/index.php?rest_route=%2Fwp%2Fv2%2Fcategories&post=10636"},{"taxonomy":"post_tag","embeddable":true,"href":"https:\/\/arquivo.barreiroweb.net\/index.php?rest_route=%2Fwp%2Fv2%2Ftags&post=10636"}],"curies":[{"name":"wp","href":"https:\/\/api.w.org\/{rel}","templated":true}]}}