{"id":10623,"date":"2013-11-16T01:46:43","date_gmt":"2013-11-16T01:46:43","guid":{"rendered":"http:\/\/barreiroweb.eu\/?p=10623"},"modified":"2013-11-16T01:49:03","modified_gmt":"2013-11-16T01:49:03","slug":"xi-concurso-de-fotografia-augusto-cabrita","status":"publish","type":"post","link":"https:\/\/arquivo.barreiroweb.net\/?p=10623","title":{"rendered":"XI CONCURSO DE FOTOGRAFIA AUGUSTO CABRITA"},"content":{"rendered":"<p style=\"text-align: justify;\" align=\"center\"><b><a href=\"http:\/\/barreiroweb.eu\/wp-content\/uploads\/2013\/11\/Reg-1.jpg\" rel=\"lightbox[10623]\"><img loading=\"lazy\" decoding=\"async\" class=\"alignleft size-medium wp-image-10624\" alt=\"Reg 1\" src=\"http:\/\/barreiroweb.eu\/wp-content\/uploads\/2013\/11\/Reg-1-212x300.jpg\" width=\"212\" height=\"300\" srcset=\"https:\/\/arquivo.barreiroweb.net\/wp-content\/uploads\/2013\/11\/Reg-1-212x300.jpg 212w, https:\/\/arquivo.barreiroweb.net\/wp-content\/uploads\/2013\/11\/Reg-1.jpg 222w\" sizes=\"auto, (max-width: 212px) 100vw, 212px\" \/><\/a>INSCRI\u00c7\u00d5ES ABERTAS<\/b><\/p>\n<p style=\"text-align: justify;\"><b>O Concurso de Fotografia Augusto Cabrita est\u00e1 de volta. \u201c25Abril, 40anos de Liberdade!\u201d \u00e9 o tema da XI edi\u00e7\u00e3o. As inscri\u00e7\u00f5es encontram-se abertas at\u00e9 14 de fevereiro de 2014. A iniciativa \u00e9 promovida pela C\u00e2mara Municipal do Barreiro, atrav\u00e9s do Gabinete da Juventude. <\/b><\/p>\n<p style=\"text-align: justify;\">Promover e divulgar novos valores na \u00e1rea da fotografia e valorizar a fotografia enquanto forma de express\u00e3o art\u00edstica din\u00e2mica e multifacetada s\u00e3o os objetivos deste evento.<\/p>\n<p style=\"text-align: justify;\">Segundo as normas, o concurso est\u00e1 aberto \u00e0 participa\u00e7\u00e3o de jovens fot\u00f3grafos amadores, com idades compreendidas entre os 14 e os 35 anos.<\/p>\n<p style=\"text-align: justify;\">De salientar que a entrega dos pr\u00e9mios realizar-se-\u00e1, em local e data a definir, entre 14 e 30 de mar\u00e7o de 2014, per\u00edodo em que decorre a 15ena da Juventude. Na ocasi\u00e3o, ser\u00e3o atribu\u00eddos os seguintes pr\u00e9mios:<\/p>\n<p style=\"text-align: justify;\">1\u00baclassificado \u2013 300\u20ac; 2\u00ba classificado \u2013 200\u20ac e 3\u00ba classificado \u2013 100\u20ac.<\/p>\n<p style=\"text-align: justify;\"><b>Para inscri\u00e7\u00f5es e mais informa\u00e7\u00e3o relativa \u00e0s normas de participa\u00e7\u00e3o deve contactar a C\u00e2mara Municipal do Barreiro \u2013 Gabinete da Juventude, Espa\u00e7o J \u2013 Mercado Municipal 1\u00ba de Maio, 1\u00ba andar, na Avenida Alfredo da Silva \u2013 2830-302 Barreiro.\u00a0 <\/b><\/p>\n<p style=\"text-align: left;\"><b>Telefone: 21 0997007, no site oficial da CMB: <a href=\"http:\/\/www.cm-barreiro.pt\/pt\/conteudos\/municipio\/juventude\/projectos\/15ena+da+Juventude\/\">http:\/\/www.cm-barreiro.pt\/pt\/conteudos\/municipio\/juventude\/projectos\/15ena+da+Juventude\/<\/a><\/b><\/p>\n<p style=\"text-align: left;\"><b>E-mail: <a href=\"mailto:cmb.juventude@gmail.com\">cmb.juventude@gmail.com<\/a><\/b><\/p>\n<p style=\"text-align: justify;\"><b><a href=\"http:\/\/www.facebook.com\/espacoj.juventude\">www.facebook.com\/espacoj.juventude<\/a><\/b><\/p>\n<p style=\"text-align: justify;\"><b>\u00a0<\/b><b>CMB 2013-11-13<\/b><\/p>\n","protected":false},"excerpt":{"rendered":"<p>INSCRI\u00c7\u00d5ES ABERTAS O Concurso de Fotografia Augusto Cabrita est\u00e1 de volta. \u201c25Abril, 40anos de Liberdade!\u201d \u00e9 o tema da XI edi\u00e7\u00e3o. As inscri\u00e7\u00f5es encontram-se abertas at\u00e9 14 de fevereiro de 2014. A iniciativa \u00e9 promovida pela C\u00e2mara Municipal do Barreiro, atrav\u00e9s do Gabinete da Juventude. Promover e divulgar novos valores na \u00e1rea da fotografia e [&hellip;]<\/p>\n","protected":false},"author":1,"featured_media":10624,"comment_status":"open","ping_status":"open","sticky":false,"template":"","format":"standard","meta":{"footnotes":""},"categories":[32,3,5],"tags":[41,213],"class_list":["post-10623","post","type-post","status-publish","format-standard","has-post-thumbnail","hentry","category-destaque","category-eventos","category-fotografia","tag-barreiro","tag-fotografia-2","last_archivepost"],"yoast_head":"<!-- This site is optimized with the Yoast SEO plugin v27.1.1 - https:\/\/yoast.com\/product\/yoast-seo-wordpress\/ -->\n<title>XI CONCURSO DE FOTOGRAFIA AUGUSTO CABRITA  - barreiroweb<\/title>\n<meta name=\"robots\" content=\"index, follow, max-snippet:-1, max-image-preview:large, max-video-preview:-1\" \/>\n<link rel=\"canonical\" href=\"https:\/\/arquivo.barreiroweb.net\/?p=10623\" \/>\n<meta property=\"og:locale\" content=\"pt_PT\" \/>\n<meta property=\"og:type\" content=\"article\" \/>\n<meta property=\"og:title\" content=\"XI CONCURSO DE FOTOGRAFIA AUGUSTO CABRITA  - barreiroweb\" \/>\n<meta property=\"og:description\" content=\"INSCRI\u00c7\u00d5ES ABERTAS O Concurso de Fotografia Augusto Cabrita est\u00e1 de volta. \u201c25Abril, 40anos de Liberdade!\u201d \u00e9 o tema da XI edi\u00e7\u00e3o. As inscri\u00e7\u00f5es encontram-se abertas at\u00e9 14 de fevereiro de 2014. A iniciativa \u00e9 promovida pela C\u00e2mara Municipal do Barreiro, atrav\u00e9s do Gabinete da Juventude. Promover e divulgar novos valores na \u00e1rea da fotografia e [&hellip;]\" \/>\n<meta property=\"og:url\" content=\"https:\/\/arquivo.barreiroweb.net\/?p=10623\" \/>\n<meta property=\"og:site_name\" content=\"barreiroweb\" \/>\n<meta property=\"article:publisher\" content=\"https:\/\/www.facebook.com\/barreiroweb\" \/>\n<meta property=\"article:published_time\" content=\"2013-11-16T01:46:43+00:00\" \/>\n<meta property=\"article:modified_time\" content=\"2013-11-16T01:49:03+00:00\" \/>\n<meta property=\"og:image\" content=\"https:\/\/arquivo.barreiroweb.net\/wp-content\/uploads\/2013\/11\/Reg-1.jpg\" \/>\n\t<meta property=\"og:image:width\" content=\"222\" \/>\n\t<meta property=\"og:image:height\" content=\"314\" \/>\n\t<meta property=\"og:image:type\" content=\"image\/jpeg\" \/>\n<meta name=\"author\" content=\"barreiroweb\" \/>\n<meta name=\"twitter:card\" content=\"summary_large_image\" \/>\n<meta name=\"twitter:creator\" content=\"@barreiroweb\" \/>\n<meta name=\"twitter:site\" content=\"@barreiroweb\" \/>\n<meta name=\"twitter:label1\" content=\"Escrito por\" \/>\n\t<meta name=\"twitter:data1\" content=\"barreiroweb\" \/>\n\t<meta name=\"twitter:label2\" content=\"Tempo estimado de leitura\" \/>\n\t<meta name=\"twitter:data2\" content=\"1 minuto\" \/>\n<script type=\"application\/ld+json\" class=\"yoast-schema-graph\">{\"@context\":\"https:\/\/schema.org\",\"@graph\":[{\"@type\":\"Article\",\"@id\":\"https:\/\/arquivo.barreiroweb.net\/?p=10623#article\",\"isPartOf\":{\"@id\":\"https:\/\/arquivo.barreiroweb.net\/?p=10623\"},\"author\":{\"name\":\"barreiroweb\",\"@id\":\"https:\/\/arquivo.barreiroweb.net\/#\/schema\/person\/44b6d528aff975e3786c9f475f9df2dd\"},\"headline\":\"XI CONCURSO DE FOTOGRAFIA AUGUSTO CABRITA\",\"datePublished\":\"2013-11-16T01:46:43+00:00\",\"dateModified\":\"2013-11-16T01:49:03+00:00\",\"mainEntityOfPage\":{\"@id\":\"https:\/\/arquivo.barreiroweb.net\/?p=10623\"},\"wordCount\":219,\"commentCount\":0,\"publisher\":{\"@id\":\"https:\/\/arquivo.barreiroweb.net\/#organization\"},\"image\":{\"@id\":\"https:\/\/arquivo.barreiroweb.net\/?p=10623#primaryimage\"},\"thumbnailUrl\":\"https:\/\/arquivo.barreiroweb.net\/wp-content\/uploads\/2013\/11\/Reg-1.jpg\",\"keywords\":[\"barreiro\",\"fotografia\"],\"articleSection\":[\"Destaque\",\"Eventos\",\"Fotografia\"],\"inLanguage\":\"pt-PT\",\"potentialAction\":[{\"@type\":\"CommentAction\",\"name\":\"Comment\",\"target\":[\"https:\/\/arquivo.barreiroweb.net\/?p=10623#respond\"]}]},{\"@type\":\"WebPage\",\"@id\":\"https:\/\/arquivo.barreiroweb.net\/?p=10623\",\"url\":\"https:\/\/arquivo.barreiroweb.net\/?p=10623\",\"name\":\"XI CONCURSO DE FOTOGRAFIA AUGUSTO CABRITA - barreiroweb\",\"isPartOf\":{\"@id\":\"https:\/\/arquivo.barreiroweb.net\/#website\"},\"primaryImageOfPage\":{\"@id\":\"https:\/\/arquivo.barreiroweb.net\/?p=10623#primaryimage\"},\"image\":{\"@id\":\"https:\/\/arquivo.barreiroweb.net\/?p=10623#primaryimage\"},\"thumbnailUrl\":\"https:\/\/arquivo.barreiroweb.net\/wp-content\/uploads\/2013\/11\/Reg-1.jpg\",\"datePublished\":\"2013-11-16T01:46:43+00:00\",\"dateModified\":\"2013-11-16T01:49:03+00:00\",\"breadcrumb\":{\"@id\":\"https:\/\/arquivo.barreiroweb.net\/?p=10623#breadcrumb\"},\"inLanguage\":\"pt-PT\",\"potentialAction\":[{\"@type\":\"ReadAction\",\"target\":[\"https:\/\/arquivo.barreiroweb.net\/?p=10623\"]}]},{\"@type\":\"ImageObject\",\"inLanguage\":\"pt-PT\",\"@id\":\"https:\/\/arquivo.barreiroweb.net\/?p=10623#primaryimage\",\"url\":\"https:\/\/arquivo.barreiroweb.net\/wp-content\/uploads\/2013\/11\/Reg-1.jpg\",\"contentUrl\":\"https:\/\/arquivo.barreiroweb.net\/wp-content\/uploads\/2013\/11\/Reg-1.jpg\",\"width\":222,\"height\":314},{\"@type\":\"BreadcrumbList\",\"@id\":\"https:\/\/arquivo.barreiroweb.net\/?p=10623#breadcrumb\",\"itemListElement\":[{\"@type\":\"ListItem\",\"position\":1,\"name\":\"In\u00edcio\",\"item\":\"https:\/\/arquivo.barreiroweb.net\/\"},{\"@type\":\"ListItem\",\"position\":2,\"name\":\"XI CONCURSO DE FOTOGRAFIA AUGUSTO CABRITA\"}]},{\"@type\":\"WebSite\",\"@id\":\"https:\/\/arquivo.barreiroweb.net\/#website\",\"url\":\"https:\/\/arquivo.barreiroweb.net\/\",\"name\":\"barreiroweb\",\"description\":\"Barreiroweb o barreiro na web\",\"publisher\":{\"@id\":\"https:\/\/arquivo.barreiroweb.net\/#organization\"},\"potentialAction\":[{\"@type\":\"SearchAction\",\"target\":{\"@type\":\"EntryPoint\",\"urlTemplate\":\"https:\/\/arquivo.barreiroweb.net\/?s={search_term_string}\"},\"query-input\":{\"@type\":\"PropertyValueSpecification\",\"valueRequired\":true,\"valueName\":\"search_term_string\"}}],\"inLanguage\":\"pt-PT\"},{\"@type\":\"Organization\",\"@id\":\"https:\/\/arquivo.barreiroweb.net\/#organization\",\"name\":\"barreiroweb\",\"url\":\"https:\/\/arquivo.barreiroweb.net\/\",\"logo\":{\"@type\":\"ImageObject\",\"inLanguage\":\"pt-PT\",\"@id\":\"https:\/\/arquivo.barreiroweb.net\/#\/schema\/logo\/image\/\",\"url\":\"https:\/\/barreiroweb.net\/wp-content\/uploads\/2022\/05\/BarreiroWeb555.jpg\",\"contentUrl\":\"https:\/\/barreiroweb.net\/wp-content\/uploads\/2022\/05\/BarreiroWeb555.jpg\",\"width\":421,\"height\":415,\"caption\":\"barreiroweb\"},\"image\":{\"@id\":\"https:\/\/arquivo.barreiroweb.net\/#\/schema\/logo\/image\/\"},\"sameAs\":[\"https:\/\/www.facebook.com\/barreiroweb\",\"https:\/\/x.com\/barreiroweb\"]},{\"@type\":\"Person\",\"@id\":\"https:\/\/arquivo.barreiroweb.net\/#\/schema\/person\/44b6d528aff975e3786c9f475f9df2dd\",\"name\":\"barreiroweb\",\"image\":{\"@type\":\"ImageObject\",\"inLanguage\":\"pt-PT\",\"@id\":\"https:\/\/arquivo.barreiroweb.net\/#\/schema\/person\/image\/\",\"url\":\"https:\/\/secure.gravatar.com\/avatar\/1f764b917967430404ff0b452044eb63a25d64a5363b25be2aa42273930f477d?s=96&d=mm&r=g\",\"contentUrl\":\"https:\/\/secure.gravatar.com\/avatar\/1f764b917967430404ff0b452044eb63a25d64a5363b25be2aa42273930f477d?s=96&d=mm&r=g\",\"caption\":\"barreiroweb\"},\"url\":\"https:\/\/arquivo.barreiroweb.net\/?author=1\"}]}<\/script>\n<!-- \/ Yoast SEO plugin. -->","yoast_head_json":{"title":"XI CONCURSO DE FOTOGRAFIA AUGUSTO CABRITA  - barreiroweb","robots":{"index":"index","follow":"follow","max-snippet":"max-snippet:-1","max-image-preview":"max-image-preview:large","max-video-preview":"max-video-preview:-1"},"canonical":"https:\/\/arquivo.barreiroweb.net\/?p=10623","og_locale":"pt_PT","og_type":"article","og_title":"XI CONCURSO DE FOTOGRAFIA AUGUSTO CABRITA  - barreiroweb","og_description":"INSCRI\u00c7\u00d5ES ABERTAS O Concurso de Fotografia Augusto Cabrita est\u00e1 de volta. \u201c25Abril, 40anos de Liberdade!\u201d \u00e9 o tema da XI edi\u00e7\u00e3o. As inscri\u00e7\u00f5es encontram-se abertas at\u00e9 14 de fevereiro de 2014. A iniciativa \u00e9 promovida pela C\u00e2mara Municipal do Barreiro, atrav\u00e9s do Gabinete da Juventude. Promover e divulgar novos valores na \u00e1rea da fotografia e [&hellip;]","og_url":"https:\/\/arquivo.barreiroweb.net\/?p=10623","og_site_name":"barreiroweb","article_publisher":"https:\/\/www.facebook.com\/barreiroweb","article_published_time":"2013-11-16T01:46:43+00:00","article_modified_time":"2013-11-16T01:49:03+00:00","og_image":[{"width":222,"height":314,"url":"https:\/\/arquivo.barreiroweb.net\/wp-content\/uploads\/2013\/11\/Reg-1.jpg","type":"image\/jpeg"}],"author":"barreiroweb","twitter_card":"summary_large_image","twitter_creator":"@barreiroweb","twitter_site":"@barreiroweb","twitter_misc":{"Escrito por":"barreiroweb","Tempo estimado de leitura":"1 minuto"},"schema":{"@context":"https:\/\/schema.org","@graph":[{"@type":"Article","@id":"https:\/\/arquivo.barreiroweb.net\/?p=10623#article","isPartOf":{"@id":"https:\/\/arquivo.barreiroweb.net\/?p=10623"},"author":{"name":"barreiroweb","@id":"https:\/\/arquivo.barreiroweb.net\/#\/schema\/person\/44b6d528aff975e3786c9f475f9df2dd"},"headline":"XI CONCURSO DE FOTOGRAFIA AUGUSTO CABRITA","datePublished":"2013-11-16T01:46:43+00:00","dateModified":"2013-11-16T01:49:03+00:00","mainEntityOfPage":{"@id":"https:\/\/arquivo.barreiroweb.net\/?p=10623"},"wordCount":219,"commentCount":0,"publisher":{"@id":"https:\/\/arquivo.barreiroweb.net\/#organization"},"image":{"@id":"https:\/\/arquivo.barreiroweb.net\/?p=10623#primaryimage"},"thumbnailUrl":"https:\/\/arquivo.barreiroweb.net\/wp-content\/uploads\/2013\/11\/Reg-1.jpg","keywords":["barreiro","fotografia"],"articleSection":["Destaque","Eventos","Fotografia"],"inLanguage":"pt-PT","potentialAction":[{"@type":"CommentAction","name":"Comment","target":["https:\/\/arquivo.barreiroweb.net\/?p=10623#respond"]}]},{"@type":"WebPage","@id":"https:\/\/arquivo.barreiroweb.net\/?p=10623","url":"https:\/\/arquivo.barreiroweb.net\/?p=10623","name":"XI CONCURSO DE FOTOGRAFIA AUGUSTO CABRITA - barreiroweb","isPartOf":{"@id":"https:\/\/arquivo.barreiroweb.net\/#website"},"primaryImageOfPage":{"@id":"https:\/\/arquivo.barreiroweb.net\/?p=10623#primaryimage"},"image":{"@id":"https:\/\/arquivo.barreiroweb.net\/?p=10623#primaryimage"},"thumbnailUrl":"https:\/\/arquivo.barreiroweb.net\/wp-content\/uploads\/2013\/11\/Reg-1.jpg","datePublished":"2013-11-16T01:46:43+00:00","dateModified":"2013-11-16T01:49:03+00:00","breadcrumb":{"@id":"https:\/\/arquivo.barreiroweb.net\/?p=10623#breadcrumb"},"inLanguage":"pt-PT","potentialAction":[{"@type":"ReadAction","target":["https:\/\/arquivo.barreiroweb.net\/?p=10623"]}]},{"@type":"ImageObject","inLanguage":"pt-PT","@id":"https:\/\/arquivo.barreiroweb.net\/?p=10623#primaryimage","url":"https:\/\/arquivo.barreiroweb.net\/wp-content\/uploads\/2013\/11\/Reg-1.jpg","contentUrl":"https:\/\/arquivo.barreiroweb.net\/wp-content\/uploads\/2013\/11\/Reg-1.jpg","width":222,"height":314},{"@type":"BreadcrumbList","@id":"https:\/\/arquivo.barreiroweb.net\/?p=10623#breadcrumb","itemListElement":[{"@type":"ListItem","position":1,"name":"In\u00edcio","item":"https:\/\/arquivo.barreiroweb.net\/"},{"@type":"ListItem","position":2,"name":"XI CONCURSO DE FOTOGRAFIA AUGUSTO CABRITA"}]},{"@type":"WebSite","@id":"https:\/\/arquivo.barreiroweb.net\/#website","url":"https:\/\/arquivo.barreiroweb.net\/","name":"barreiroweb","description":"Barreiroweb o barreiro na web","publisher":{"@id":"https:\/\/arquivo.barreiroweb.net\/#organization"},"potentialAction":[{"@type":"SearchAction","target":{"@type":"EntryPoint","urlTemplate":"https:\/\/arquivo.barreiroweb.net\/?s={search_term_string}"},"query-input":{"@type":"PropertyValueSpecification","valueRequired":true,"valueName":"search_term_string"}}],"inLanguage":"pt-PT"},{"@type":"Organization","@id":"https:\/\/arquivo.barreiroweb.net\/#organization","name":"barreiroweb","url":"https:\/\/arquivo.barreiroweb.net\/","logo":{"@type":"ImageObject","inLanguage":"pt-PT","@id":"https:\/\/arquivo.barreiroweb.net\/#\/schema\/logo\/image\/","url":"https:\/\/barreiroweb.net\/wp-content\/uploads\/2022\/05\/BarreiroWeb555.jpg","contentUrl":"https:\/\/barreiroweb.net\/wp-content\/uploads\/2022\/05\/BarreiroWeb555.jpg","width":421,"height":415,"caption":"barreiroweb"},"image":{"@id":"https:\/\/arquivo.barreiroweb.net\/#\/schema\/logo\/image\/"},"sameAs":["https:\/\/www.facebook.com\/barreiroweb","https:\/\/x.com\/barreiroweb"]},{"@type":"Person","@id":"https:\/\/arquivo.barreiroweb.net\/#\/schema\/person\/44b6d528aff975e3786c9f475f9df2dd","name":"barreiroweb","image":{"@type":"ImageObject","inLanguage":"pt-PT","@id":"https:\/\/arquivo.barreiroweb.net\/#\/schema\/person\/image\/","url":"https:\/\/secure.gravatar.com\/avatar\/1f764b917967430404ff0b452044eb63a25d64a5363b25be2aa42273930f477d?s=96&d=mm&r=g","contentUrl":"https:\/\/secure.gravatar.com\/avatar\/1f764b917967430404ff0b452044eb63a25d64a5363b25be2aa42273930f477d?s=96&d=mm&r=g","caption":"barreiroweb"},"url":"https:\/\/arquivo.barreiroweb.net\/?author=1"}]}},"_links":{"self":[{"href":"https:\/\/arquivo.barreiroweb.net\/index.php?rest_route=\/wp\/v2\/posts\/10623","targetHints":{"allow":["GET"]}}],"collection":[{"href":"https:\/\/arquivo.barreiroweb.net\/index.php?rest_route=\/wp\/v2\/posts"}],"about":[{"href":"https:\/\/arquivo.barreiroweb.net\/index.php?rest_route=\/wp\/v2\/types\/post"}],"author":[{"embeddable":true,"href":"https:\/\/arquivo.barreiroweb.net\/index.php?rest_route=\/wp\/v2\/users\/1"}],"replies":[{"embeddable":true,"href":"https:\/\/arquivo.barreiroweb.net\/index.php?rest_route=%2Fwp%2Fv2%2Fcomments&post=10623"}],"version-history":[{"count":2,"href":"https:\/\/arquivo.barreiroweb.net\/index.php?rest_route=\/wp\/v2\/posts\/10623\/revisions"}],"predecessor-version":[{"id":10626,"href":"https:\/\/arquivo.barreiroweb.net\/index.php?rest_route=\/wp\/v2\/posts\/10623\/revisions\/10626"}],"wp:featuredmedia":[{"embeddable":true,"href":"https:\/\/arquivo.barreiroweb.net\/index.php?rest_route=\/wp\/v2\/media\/10624"}],"wp:attachment":[{"href":"https:\/\/arquivo.barreiroweb.net\/index.php?rest_route=%2Fwp%2Fv2%2Fmedia&parent=10623"}],"wp:term":[{"taxonomy":"category","embeddable":true,"href":"https:\/\/arquivo.barreiroweb.net\/index.php?rest_route=%2Fwp%2Fv2%2Fcategories&post=10623"},{"taxonomy":"post_tag","embeddable":true,"href":"https:\/\/arquivo.barreiroweb.net\/index.php?rest_route=%2Fwp%2Fv2%2Ftags&post=10623"}],"curies":[{"name":"wp","href":"https:\/\/api.w.org\/{rel}","templated":true}]}}