{"id":1059,"date":"2011-02-17T00:51:38","date_gmt":"2011-02-17T00:51:38","guid":{"rendered":"http:\/\/barreiroweb.eu\/?p=1059"},"modified":"2011-02-17T00:51:38","modified_gmt":"2011-02-17T00:51:38","slug":"economia-social-ou-sucial-%e2%80%93-sintoma-de-crise","status":"publish","type":"post","link":"https:\/\/arquivo.barreiroweb.net\/?p=1059","title":{"rendered":"ECONOMIA SOCIAL OU SUCIAL \u2013 SINTOMA DE CRISE."},"content":{"rendered":"<p style=\"text-align: justify;\"><a href=\"http:\/\/barreiroweb.eu\/wp-content\/uploads\/2011\/02\/armindo.jpg\" rel=\"lightbox[1059]\"><img loading=\"lazy\" decoding=\"async\" class=\"alignleft size-thumbnail wp-image-1060\" title=\"armindo\" src=\"http:\/\/barreiroweb.eu\/wp-content\/uploads\/2011\/02\/armindo-150x150.jpg\" alt=\"\" width=\"150\" height=\"150\" srcset=\"https:\/\/arquivo.barreiroweb.net\/wp-content\/uploads\/2011\/02\/armindo-150x150.jpg 150w, https:\/\/arquivo.barreiroweb.net\/wp-content\/uploads\/2011\/02\/armindo-50x50.jpg 50w, https:\/\/arquivo.barreiroweb.net\/wp-content\/uploads\/2011\/02\/armindo-70x70.jpg 70w, https:\/\/arquivo.barreiroweb.net\/wp-content\/uploads\/2011\/02\/armindo-55x55.jpg 55w\" sizes=\"auto, (max-width: 150px) 100vw, 150px\" \/><\/a>A\u00a0 prop\u00f3sito do \u201cEncontro, Economia Social\u201d no Audit\u00f3rio da\u00a0 Biblioteca Municipal do Barreiro, em 10.2.2011.<\/p>\n<p style=\"text-align: justify;\">Come\u00e7o pela defini\u00e7\u00e3o gen\u00e9rica de ECONOMIA: &#8211; \u201cCi\u00eancia que organiza os bens no plano financeiro e material. Tem por objectivo o estudo dos meios utilizados pelo HOMEM, tendo em vista organizar e aumentar a produ\u00e7\u00e3o e reparti\u00e7\u00e3o dos bens atrav\u00e9s da utiliza\u00e7\u00e3o de recursos escassos. \u00c9 pois o modo de obten\u00e7\u00e3o e de administra\u00e7\u00e3o dos recursos escassos pelas sociedades humanas, assim como as actividades econ\u00f3micas do HOMEM influenciam a forma das institui\u00e7\u00f5es , pois est\u00e3o na origem de cria\u00e7\u00e3o de novas rela\u00e7\u00f5es sociais. A Economia Pol\u00edtica deve, por isso, basear-se nestes princ\u00edpios\u00a0 para criar uma estrutura\u00a0 econ\u00f3mica fi\u00e1vel e concreta, tendo em vista o equil\u00edbrio social. Em teoria deveria ser assim , mas o uso\u00a0 da\u00a0 econometria, ci\u00eancia das finan\u00e7as e da gest\u00e3o enviesada\u00a0 do neo-liberalismo econ\u00f3mico, tendenciosamente\u00a0 globalizado, desvia os resultados da explora\u00e7\u00e3o para os cofres ou bolsos de poucos em detrimento da maioria da popula\u00e7\u00e3o, ainda que a demonstra\u00e7\u00e3o Estat\u00edstica venha minimizar a evid\u00eancia do desequil\u00edbrio na distribui\u00e7\u00e3o de rendimentos per-c\u00e1pita.<\/p>\n<p style=\"text-align: justify;\">A Economia dita Social n\u00e3o pode ser, nem deve, um plano de ac\u00e7\u00e3o de entreajuda de remediados para carenciados, nem t\u00e3o somente gerir as migalhas distribu\u00eddas \u201cgenerosamente\u201d, produto de pequenas fatias de lucros arrecadados, por aqueles que t\u00eam sido sustent\u00e1culo de governa\u00e7\u00f5es com o mesmo sinal pol\u00edtico que ao longo de tr\u00eas d\u00e9cadas passo a passo foram destruindo o tecido produtivo (ind\u00fastria, pescas e agropecu\u00e1ria )induzindo a cria\u00e7\u00e3o de riqueza baseada na especula\u00e7\u00e3o financeira e imobili\u00e1ria acrescida da evas\u00e3o fiscal end\u00e9mica, \u00a0conduziram este \u201cJardim \u00e0 beira mar plantado\u201d no extremo da \u201cJangada de Pedra\u201da uma fal\u00eancia calculada, com o sentido objectivo de tentar amorda\u00e7ar um povo, atrav\u00e9s do medo perder o emprego como meio do seu sustento, subtraindo-lhe direitos. Bastava cumprir a Lei Fundamental de Portugal ou seja a Constitui\u00e7\u00e3o da Republica Portuguesa\u00a0 ( mesmo com as altera\u00e7\u00f5es havidas) quanto \u00e0s pol\u00edticas a seguir.<\/p>\n<p style=\"text-align: justify;\">Que equil\u00edbrios se podem gerar num pa\u00eds que tendo condi\u00e7\u00f5es para o produzir, importa, em percentagens vari\u00e1veis, 60 a 70% dos\u00a0 bens alimentares\u00a0 e cerca de 50% dos restantes produtos de consumo. H\u00e1 pois que investir na produ\u00e7\u00e3o, nos espa\u00e7os urbanos degradados e nos espa\u00e7os rurais abandonados e improdutivos. Dar igual tratamento, no que se refere \u00e0 aplica\u00e7\u00e3o de impostos, \u00e0s transac\u00e7\u00f5es financeiras, tal como nas comerciais.<\/p>\n<p style=\"text-align: justify;\">Gostei fundamentalmente da interven\u00e7\u00e3o de EUG\u00c9NIO ROSA\u00a0 pelo modo como abordou o tema, n\u00e3o de forma parcelar mas pelo valor que o significado ECONOMIA lhe merece, o pais \u00e9 um todo e a problem\u00e1tica atinge a generalidade de uma sociedade, que \u00e9 a nossa, geradora de desequil\u00edbrios sociais cada vez mais acentuados, geradores de conflitos cujo final \u00e9 uma inc\u00f3gnita (n\u00e3o sou vidente) mas deduzo ou desejo que tenha um bom fim.<\/p>\n<p style=\"text-align: justify;\">Quanto \u00e0s restantes interven\u00e7\u00f5es ressalvo do presidente da \u201cC\u00e1ritas\u201d EUG\u00c9NIO FONSECA\u00a0 quando afirmou: &#8211; \u201c \u2026\u00a0 O voluntariado \u00e9 essencial para a execu\u00e7\u00e3o das ac\u00e7\u00f5es sociais \u2026 a economia de rela\u00e7\u00e3o humana em igualdade de oportunidades (ver direitos constitucionais) \u2026 A economia de mercado n\u00e3o deixa desenvolver a economia social, uma economia que n\u00e3o olha a meios para atingir os fins\u2026\u201d<\/p>\n<p style=\"text-align: justify;\">Por\u00e9m j\u00e1 que todos se aperceberam que vivemos numa economia sem \u00e9tica, que v\u00ea\u00a0 o HOMEM\u00a0 como um valor de mercado, sujeito \u00e0 lei da oferta e da procura como qualquer outro bem material e descart\u00e1vel sempre que inc\u00f3modo, h\u00e1 que criar condi\u00e7\u00f5es para que tal n\u00e3o aconte\u00e7a, para isso basta que o esp\u00edrito solid\u00e1rio apregoado seja franco e se unam as vontades.<\/p>\n<p style=\"text-align: justify;\">Falou-se da necessidade de unir esfor\u00e7os e congregar meios entre as v\u00e1rias entidades no sentido de minimizar car\u00eancias, inventariar meios humanos e materiais dispon\u00edveis, pois bem o CLASB \u00e9 o ponto de encontro existente e ponto de partida para a tal congrega\u00e7\u00e3o de esfor\u00e7os ser levada \u00e0 pr\u00e1tica, o diagn\u00f3stico e a inventaria\u00e7\u00e3o est\u00e3o feitos.<\/p>\n<p style=\"text-align: justify;\">Fazem falta mais debates sobre cidadania participativa,<\/p>\n<p style=\"text-align: justify;\">BEM HAJA<\/p>\n<p style=\"text-align: right;\"><strong>ARFER \u00a0<\/strong><\/p>\n<p style=\"text-align: justify;\">\u00a0<\/p>\n","protected":false},"excerpt":{"rendered":"<p>A\u00a0 prop\u00f3sito do \u201cEncontro, Economia Social\u201d no Audit\u00f3rio da\u00a0 Biblioteca Municipal do Barreiro, em 10.2.2011. Come\u00e7o pela defini\u00e7\u00e3o gen\u00e9rica de ECONOMIA: &#8211; \u201cCi\u00eancia que organiza os bens no plano financeiro e material. Tem por objectivo o estudo dos meios utilizados pelo HOMEM, tendo em vista organizar e aumentar a produ\u00e7\u00e3o e reparti\u00e7\u00e3o dos bens atrav\u00e9s [&hellip;]<\/p>\n","protected":false},"author":1,"featured_media":1060,"comment_status":"open","ping_status":"open","sticky":false,"template":"","format":"standard","meta":{"footnotes":""},"categories":[7],"tags":[],"class_list":["post-1059","post","type-post","status-publish","format-standard","has-post-thumbnail","hentry","category-cinema","last_archivepost"],"yoast_head":"<!-- This site is optimized with the Yoast SEO plugin v27.1.1 - https:\/\/yoast.com\/product\/yoast-seo-wordpress\/ -->\n<title>ECONOMIA SOCIAL OU SUCIAL \u2013 SINTOMA DE CRISE. - barreiroweb<\/title>\n<meta name=\"robots\" content=\"index, follow, max-snippet:-1, max-image-preview:large, max-video-preview:-1\" \/>\n<link rel=\"canonical\" href=\"https:\/\/arquivo.barreiroweb.net\/?p=1059\" \/>\n<meta property=\"og:locale\" content=\"pt_PT\" \/>\n<meta property=\"og:type\" content=\"article\" \/>\n<meta property=\"og:title\" content=\"ECONOMIA SOCIAL OU SUCIAL \u2013 SINTOMA DE CRISE. - barreiroweb\" \/>\n<meta property=\"og:description\" content=\"A\u00a0 prop\u00f3sito do \u201cEncontro, Economia Social\u201d no Audit\u00f3rio da\u00a0 Biblioteca Municipal do Barreiro, em 10.2.2011. Come\u00e7o pela defini\u00e7\u00e3o gen\u00e9rica de ECONOMIA: &#8211; \u201cCi\u00eancia que organiza os bens no plano financeiro e material. Tem por objectivo o estudo dos meios utilizados pelo HOMEM, tendo em vista organizar e aumentar a produ\u00e7\u00e3o e reparti\u00e7\u00e3o dos bens atrav\u00e9s [&hellip;]\" \/>\n<meta property=\"og:url\" content=\"https:\/\/arquivo.barreiroweb.net\/?p=1059\" \/>\n<meta property=\"og:site_name\" content=\"barreiroweb\" \/>\n<meta property=\"article:publisher\" content=\"https:\/\/www.facebook.com\/barreiroweb\" \/>\n<meta property=\"article:published_time\" content=\"2011-02-17T00:51:38+00:00\" \/>\n<meta property=\"og:image\" content=\"https:\/\/arquivo.barreiroweb.net\/wp-content\/uploads\/2011\/02\/armindo.jpg\" \/>\n\t<meta property=\"og:image:width\" content=\"292\" \/>\n\t<meta property=\"og:image:height\" content=\"235\" \/>\n\t<meta property=\"og:image:type\" content=\"image\/jpeg\" \/>\n<meta name=\"author\" content=\"barreiroweb\" \/>\n<meta name=\"twitter:card\" content=\"summary_large_image\" \/>\n<meta name=\"twitter:creator\" content=\"@barreiroweb\" \/>\n<meta name=\"twitter:site\" content=\"@barreiroweb\" \/>\n<meta name=\"twitter:label1\" content=\"Escrito por\" \/>\n\t<meta name=\"twitter:data1\" content=\"barreiroweb\" \/>\n\t<meta name=\"twitter:label2\" content=\"Tempo estimado de leitura\" \/>\n\t<meta name=\"twitter:data2\" content=\"4 minutos\" \/>\n<script type=\"application\/ld+json\" class=\"yoast-schema-graph\">{\"@context\":\"https:\/\/schema.org\",\"@graph\":[{\"@type\":\"Article\",\"@id\":\"https:\/\/arquivo.barreiroweb.net\/?p=1059#article\",\"isPartOf\":{\"@id\":\"https:\/\/arquivo.barreiroweb.net\/?p=1059\"},\"author\":{\"name\":\"barreiroweb\",\"@id\":\"https:\/\/arquivo.barreiroweb.net\/#\/schema\/person\/44b6d528aff975e3786c9f475f9df2dd\"},\"headline\":\"ECONOMIA SOCIAL OU SUCIAL \u2013 SINTOMA DE CRISE.\",\"datePublished\":\"2011-02-17T00:51:38+00:00\",\"mainEntityOfPage\":{\"@id\":\"https:\/\/arquivo.barreiroweb.net\/?p=1059\"},\"wordCount\":736,\"commentCount\":1,\"publisher\":{\"@id\":\"https:\/\/arquivo.barreiroweb.net\/#organization\"},\"image\":{\"@id\":\"https:\/\/arquivo.barreiroweb.net\/?p=1059#primaryimage\"},\"thumbnailUrl\":\"https:\/\/arquivo.barreiroweb.net\/wp-content\/uploads\/2011\/02\/armindo.jpg\",\"articleSection\":[\"Cinema\"],\"inLanguage\":\"pt-PT\",\"potentialAction\":[{\"@type\":\"CommentAction\",\"name\":\"Comment\",\"target\":[\"https:\/\/arquivo.barreiroweb.net\/?p=1059#respond\"]}]},{\"@type\":\"WebPage\",\"@id\":\"https:\/\/arquivo.barreiroweb.net\/?p=1059\",\"url\":\"https:\/\/arquivo.barreiroweb.net\/?p=1059\",\"name\":\"ECONOMIA SOCIAL OU SUCIAL \u2013 SINTOMA DE CRISE. - barreiroweb\",\"isPartOf\":{\"@id\":\"https:\/\/arquivo.barreiroweb.net\/#website\"},\"primaryImageOfPage\":{\"@id\":\"https:\/\/arquivo.barreiroweb.net\/?p=1059#primaryimage\"},\"image\":{\"@id\":\"https:\/\/arquivo.barreiroweb.net\/?p=1059#primaryimage\"},\"thumbnailUrl\":\"https:\/\/arquivo.barreiroweb.net\/wp-content\/uploads\/2011\/02\/armindo.jpg\",\"datePublished\":\"2011-02-17T00:51:38+00:00\",\"breadcrumb\":{\"@id\":\"https:\/\/arquivo.barreiroweb.net\/?p=1059#breadcrumb\"},\"inLanguage\":\"pt-PT\",\"potentialAction\":[{\"@type\":\"ReadAction\",\"target\":[\"https:\/\/arquivo.barreiroweb.net\/?p=1059\"]}]},{\"@type\":\"ImageObject\",\"inLanguage\":\"pt-PT\",\"@id\":\"https:\/\/arquivo.barreiroweb.net\/?p=1059#primaryimage\",\"url\":\"https:\/\/arquivo.barreiroweb.net\/wp-content\/uploads\/2011\/02\/armindo.jpg\",\"contentUrl\":\"https:\/\/arquivo.barreiroweb.net\/wp-content\/uploads\/2011\/02\/armindo.jpg\",\"width\":\"292\",\"height\":\"235\"},{\"@type\":\"BreadcrumbList\",\"@id\":\"https:\/\/arquivo.barreiroweb.net\/?p=1059#breadcrumb\",\"itemListElement\":[{\"@type\":\"ListItem\",\"position\":1,\"name\":\"In\u00edcio\",\"item\":\"https:\/\/arquivo.barreiroweb.net\/\"},{\"@type\":\"ListItem\",\"position\":2,\"name\":\"ECONOMIA SOCIAL OU SUCIAL \u2013 SINTOMA DE CRISE.\"}]},{\"@type\":\"WebSite\",\"@id\":\"https:\/\/arquivo.barreiroweb.net\/#website\",\"url\":\"https:\/\/arquivo.barreiroweb.net\/\",\"name\":\"barreiroweb\",\"description\":\"Barreiroweb o barreiro na web\",\"publisher\":{\"@id\":\"https:\/\/arquivo.barreiroweb.net\/#organization\"},\"potentialAction\":[{\"@type\":\"SearchAction\",\"target\":{\"@type\":\"EntryPoint\",\"urlTemplate\":\"https:\/\/arquivo.barreiroweb.net\/?s={search_term_string}\"},\"query-input\":{\"@type\":\"PropertyValueSpecification\",\"valueRequired\":true,\"valueName\":\"search_term_string\"}}],\"inLanguage\":\"pt-PT\"},{\"@type\":\"Organization\",\"@id\":\"https:\/\/arquivo.barreiroweb.net\/#organization\",\"name\":\"barreiroweb\",\"url\":\"https:\/\/arquivo.barreiroweb.net\/\",\"logo\":{\"@type\":\"ImageObject\",\"inLanguage\":\"pt-PT\",\"@id\":\"https:\/\/arquivo.barreiroweb.net\/#\/schema\/logo\/image\/\",\"url\":\"https:\/\/barreiroweb.net\/wp-content\/uploads\/2022\/05\/BarreiroWeb555.jpg\",\"contentUrl\":\"https:\/\/barreiroweb.net\/wp-content\/uploads\/2022\/05\/BarreiroWeb555.jpg\",\"width\":421,\"height\":415,\"caption\":\"barreiroweb\"},\"image\":{\"@id\":\"https:\/\/arquivo.barreiroweb.net\/#\/schema\/logo\/image\/\"},\"sameAs\":[\"https:\/\/www.facebook.com\/barreiroweb\",\"https:\/\/x.com\/barreiroweb\"]},{\"@type\":\"Person\",\"@id\":\"https:\/\/arquivo.barreiroweb.net\/#\/schema\/person\/44b6d528aff975e3786c9f475f9df2dd\",\"name\":\"barreiroweb\",\"image\":{\"@type\":\"ImageObject\",\"inLanguage\":\"pt-PT\",\"@id\":\"https:\/\/arquivo.barreiroweb.net\/#\/schema\/person\/image\/\",\"url\":\"https:\/\/secure.gravatar.com\/avatar\/1f764b917967430404ff0b452044eb63a25d64a5363b25be2aa42273930f477d?s=96&d=mm&r=g\",\"contentUrl\":\"https:\/\/secure.gravatar.com\/avatar\/1f764b917967430404ff0b452044eb63a25d64a5363b25be2aa42273930f477d?s=96&d=mm&r=g\",\"caption\":\"barreiroweb\"},\"url\":\"https:\/\/arquivo.barreiroweb.net\/?author=1\"}]}<\/script>\n<!-- \/ Yoast SEO plugin. -->","yoast_head_json":{"title":"ECONOMIA SOCIAL OU SUCIAL \u2013 SINTOMA DE CRISE. - barreiroweb","robots":{"index":"index","follow":"follow","max-snippet":"max-snippet:-1","max-image-preview":"max-image-preview:large","max-video-preview":"max-video-preview:-1"},"canonical":"https:\/\/arquivo.barreiroweb.net\/?p=1059","og_locale":"pt_PT","og_type":"article","og_title":"ECONOMIA SOCIAL OU SUCIAL \u2013 SINTOMA DE CRISE. - barreiroweb","og_description":"A\u00a0 prop\u00f3sito do \u201cEncontro, Economia Social\u201d no Audit\u00f3rio da\u00a0 Biblioteca Municipal do Barreiro, em 10.2.2011. Come\u00e7o pela defini\u00e7\u00e3o gen\u00e9rica de ECONOMIA: &#8211; \u201cCi\u00eancia que organiza os bens no plano financeiro e material. Tem por objectivo o estudo dos meios utilizados pelo HOMEM, tendo em vista organizar e aumentar a produ\u00e7\u00e3o e reparti\u00e7\u00e3o dos bens atrav\u00e9s [&hellip;]","og_url":"https:\/\/arquivo.barreiroweb.net\/?p=1059","og_site_name":"barreiroweb","article_publisher":"https:\/\/www.facebook.com\/barreiroweb","article_published_time":"2011-02-17T00:51:38+00:00","og_image":[{"width":292,"height":235,"url":"https:\/\/arquivo.barreiroweb.net\/wp-content\/uploads\/2011\/02\/armindo.jpg","type":"image\/jpeg"}],"author":"barreiroweb","twitter_card":"summary_large_image","twitter_creator":"@barreiroweb","twitter_site":"@barreiroweb","twitter_misc":{"Escrito por":"barreiroweb","Tempo estimado de leitura":"4 minutos"},"schema":{"@context":"https:\/\/schema.org","@graph":[{"@type":"Article","@id":"https:\/\/arquivo.barreiroweb.net\/?p=1059#article","isPartOf":{"@id":"https:\/\/arquivo.barreiroweb.net\/?p=1059"},"author":{"name":"barreiroweb","@id":"https:\/\/arquivo.barreiroweb.net\/#\/schema\/person\/44b6d528aff975e3786c9f475f9df2dd"},"headline":"ECONOMIA SOCIAL OU SUCIAL \u2013 SINTOMA DE CRISE.","datePublished":"2011-02-17T00:51:38+00:00","mainEntityOfPage":{"@id":"https:\/\/arquivo.barreiroweb.net\/?p=1059"},"wordCount":736,"commentCount":1,"publisher":{"@id":"https:\/\/arquivo.barreiroweb.net\/#organization"},"image":{"@id":"https:\/\/arquivo.barreiroweb.net\/?p=1059#primaryimage"},"thumbnailUrl":"https:\/\/arquivo.barreiroweb.net\/wp-content\/uploads\/2011\/02\/armindo.jpg","articleSection":["Cinema"],"inLanguage":"pt-PT","potentialAction":[{"@type":"CommentAction","name":"Comment","target":["https:\/\/arquivo.barreiroweb.net\/?p=1059#respond"]}]},{"@type":"WebPage","@id":"https:\/\/arquivo.barreiroweb.net\/?p=1059","url":"https:\/\/arquivo.barreiroweb.net\/?p=1059","name":"ECONOMIA SOCIAL OU SUCIAL \u2013 SINTOMA DE CRISE. - barreiroweb","isPartOf":{"@id":"https:\/\/arquivo.barreiroweb.net\/#website"},"primaryImageOfPage":{"@id":"https:\/\/arquivo.barreiroweb.net\/?p=1059#primaryimage"},"image":{"@id":"https:\/\/arquivo.barreiroweb.net\/?p=1059#primaryimage"},"thumbnailUrl":"https:\/\/arquivo.barreiroweb.net\/wp-content\/uploads\/2011\/02\/armindo.jpg","datePublished":"2011-02-17T00:51:38+00:00","breadcrumb":{"@id":"https:\/\/arquivo.barreiroweb.net\/?p=1059#breadcrumb"},"inLanguage":"pt-PT","potentialAction":[{"@type":"ReadAction","target":["https:\/\/arquivo.barreiroweb.net\/?p=1059"]}]},{"@type":"ImageObject","inLanguage":"pt-PT","@id":"https:\/\/arquivo.barreiroweb.net\/?p=1059#primaryimage","url":"https:\/\/arquivo.barreiroweb.net\/wp-content\/uploads\/2011\/02\/armindo.jpg","contentUrl":"https:\/\/arquivo.barreiroweb.net\/wp-content\/uploads\/2011\/02\/armindo.jpg","width":"292","height":"235"},{"@type":"BreadcrumbList","@id":"https:\/\/arquivo.barreiroweb.net\/?p=1059#breadcrumb","itemListElement":[{"@type":"ListItem","position":1,"name":"In\u00edcio","item":"https:\/\/arquivo.barreiroweb.net\/"},{"@type":"ListItem","position":2,"name":"ECONOMIA SOCIAL OU SUCIAL \u2013 SINTOMA DE CRISE."}]},{"@type":"WebSite","@id":"https:\/\/arquivo.barreiroweb.net\/#website","url":"https:\/\/arquivo.barreiroweb.net\/","name":"barreiroweb","description":"Barreiroweb o barreiro na web","publisher":{"@id":"https:\/\/arquivo.barreiroweb.net\/#organization"},"potentialAction":[{"@type":"SearchAction","target":{"@type":"EntryPoint","urlTemplate":"https:\/\/arquivo.barreiroweb.net\/?s={search_term_string}"},"query-input":{"@type":"PropertyValueSpecification","valueRequired":true,"valueName":"search_term_string"}}],"inLanguage":"pt-PT"},{"@type":"Organization","@id":"https:\/\/arquivo.barreiroweb.net\/#organization","name":"barreiroweb","url":"https:\/\/arquivo.barreiroweb.net\/","logo":{"@type":"ImageObject","inLanguage":"pt-PT","@id":"https:\/\/arquivo.barreiroweb.net\/#\/schema\/logo\/image\/","url":"https:\/\/barreiroweb.net\/wp-content\/uploads\/2022\/05\/BarreiroWeb555.jpg","contentUrl":"https:\/\/barreiroweb.net\/wp-content\/uploads\/2022\/05\/BarreiroWeb555.jpg","width":421,"height":415,"caption":"barreiroweb"},"image":{"@id":"https:\/\/arquivo.barreiroweb.net\/#\/schema\/logo\/image\/"},"sameAs":["https:\/\/www.facebook.com\/barreiroweb","https:\/\/x.com\/barreiroweb"]},{"@type":"Person","@id":"https:\/\/arquivo.barreiroweb.net\/#\/schema\/person\/44b6d528aff975e3786c9f475f9df2dd","name":"barreiroweb","image":{"@type":"ImageObject","inLanguage":"pt-PT","@id":"https:\/\/arquivo.barreiroweb.net\/#\/schema\/person\/image\/","url":"https:\/\/secure.gravatar.com\/avatar\/1f764b917967430404ff0b452044eb63a25d64a5363b25be2aa42273930f477d?s=96&d=mm&r=g","contentUrl":"https:\/\/secure.gravatar.com\/avatar\/1f764b917967430404ff0b452044eb63a25d64a5363b25be2aa42273930f477d?s=96&d=mm&r=g","caption":"barreiroweb"},"url":"https:\/\/arquivo.barreiroweb.net\/?author=1"}]}},"_links":{"self":[{"href":"https:\/\/arquivo.barreiroweb.net\/index.php?rest_route=\/wp\/v2\/posts\/1059","targetHints":{"allow":["GET"]}}],"collection":[{"href":"https:\/\/arquivo.barreiroweb.net\/index.php?rest_route=\/wp\/v2\/posts"}],"about":[{"href":"https:\/\/arquivo.barreiroweb.net\/index.php?rest_route=\/wp\/v2\/types\/post"}],"author":[{"embeddable":true,"href":"https:\/\/arquivo.barreiroweb.net\/index.php?rest_route=\/wp\/v2\/users\/1"}],"replies":[{"embeddable":true,"href":"https:\/\/arquivo.barreiroweb.net\/index.php?rest_route=%2Fwp%2Fv2%2Fcomments&post=1059"}],"version-history":[{"count":2,"href":"https:\/\/arquivo.barreiroweb.net\/index.php?rest_route=\/wp\/v2\/posts\/1059\/revisions"}],"predecessor-version":[{"id":1062,"href":"https:\/\/arquivo.barreiroweb.net\/index.php?rest_route=\/wp\/v2\/posts\/1059\/revisions\/1062"}],"wp:featuredmedia":[{"embeddable":true,"href":"https:\/\/arquivo.barreiroweb.net\/index.php?rest_route=\/wp\/v2\/media\/1060"}],"wp:attachment":[{"href":"https:\/\/arquivo.barreiroweb.net\/index.php?rest_route=%2Fwp%2Fv2%2Fmedia&parent=1059"}],"wp:term":[{"taxonomy":"category","embeddable":true,"href":"https:\/\/arquivo.barreiroweb.net\/index.php?rest_route=%2Fwp%2Fv2%2Fcategories&post=1059"},{"taxonomy":"post_tag","embeddable":true,"href":"https:\/\/arquivo.barreiroweb.net\/index.php?rest_route=%2Fwp%2Fv2%2Ftags&post=1059"}],"curies":[{"name":"wp","href":"https:\/\/api.w.org\/{rel}","templated":true}]}}