{"id":10540,"date":"2013-10-31T22:08:13","date_gmt":"2013-10-31T22:08:13","guid":{"rendered":"http:\/\/barreiroweb.eu\/?p=10540"},"modified":"2013-10-31T22:08:13","modified_gmt":"2013-10-31T22:08:13","slug":"auditorio-municipal-augusto-cabrita-10-anos-de-cultura","status":"publish","type":"post","link":"https:\/\/arquivo.barreiroweb.net\/?p=10540","title":{"rendered":"Audit\u00f3rio Municipal Augusto Cabrita 10 anos de Cultura!"},"content":{"rendered":"<p style=\"text-align: justify;\"><b><a href=\"http:\/\/barreiroweb.eu\/wp-content\/uploads\/2013\/10\/amac-Postal-frente.jpg\" rel=\"lightbox[10540]\"><img loading=\"lazy\" decoding=\"async\" class=\"alignleft size-thumbnail wp-image-10541\" alt=\"amac Postal frente\" src=\"http:\/\/barreiroweb.eu\/wp-content\/uploads\/2013\/10\/amac-Postal-frente-150x150.jpg\" width=\"150\" height=\"150\" srcset=\"https:\/\/arquivo.barreiroweb.net\/wp-content\/uploads\/2013\/10\/amac-Postal-frente-150x150.jpg 150w, https:\/\/arquivo.barreiroweb.net\/wp-content\/uploads\/2013\/10\/amac-Postal-frente-50x50.jpg 50w, https:\/\/arquivo.barreiroweb.net\/wp-content\/uploads\/2013\/10\/amac-Postal-frente-70x70.jpg 70w, https:\/\/arquivo.barreiroweb.net\/wp-content\/uploads\/2013\/10\/amac-Postal-frente-55x55.jpg 55w\" sizes=\"auto, (max-width: 150px) 100vw, 150px\" \/><\/a>O Audit\u00f3rio Municipal Augusto Cabrita est\u00e1 de parab\u00e9ns! Comemora, no dia 1 de novembro, 10 anos ao servi\u00e7o da Cultura no Concelho do Barreiro. S\u00e3o 10 anos de m\u00fasica, teatro, dan\u00e7a, pintura, fotografia, escultura, entre muitas outras formas de arte que encheram este espa\u00e7o de p\u00fablico, de cor, de vida.<\/b><\/p>\n<p style=\"text-align: justify;\">Com uma programa\u00e7\u00e3o de qualidade, o AMAC tem sido, tamb\u00e9m, palco para novos valores, para os agentes culturais locais e para nomes conceituados da cultura nacional e internacional.<\/p>\n<p style=\"text-align: justify;\">Este espa\u00e7o multidisciplinar, de converg\u00eancia entre v\u00e1rias formas de cultura, tem dignificado o nome do Mestre Augusto Cabrita e o Barreiro!<\/p>\n<p style=\"text-align: justify;\">Para assinalar estes 10 anos de Cultura, a C\u00e2mara Municipal do Barreiro promove uma s\u00e9rie de iniciativas no dia 1 de novembro, no AMAC.<\/p>\n<p style=\"text-align: justify;\"><b><span style=\"text-decoration: underline;\">Programa:<\/span><\/b><\/p>\n<p style=\"text-align: justify;\">O Audit\u00f3rio estar\u00e1 aberto das 9h00 \u00e0s 00h00.<\/p>\n<p style=\"text-align: justify;\"><b>Visitas Guiadas pelo Audit\u00f3rio para a Comunidade Educativa<\/b><\/p>\n<p style=\"text-align: justify;\">Manh\u00e3 e tarde<\/p>\n<p style=\"text-align: justify;\">Mediante marca\u00e7\u00e3o atrav\u00e9s do telefone 212147405, ou email <a href=\"mailto:cultura@cm-barreiro.pt\">cultura@cm-barreiro.pt<\/a><\/p>\n<p style=\"text-align: justify;\"><b>Visitas Guiadas pelo Audit\u00f3rio para o P\u00fablico em Geral<\/b><\/p>\n<p style=\"text-align: justify;\">Todo o dia<\/p>\n<p style=\"text-align: justify;\">T\u00eam in\u00edcio a cada meia hora<\/p>\n<p style=\"text-align: justify;\">Ponto de encontro: Rece\u00e7\u00e3o do Audit\u00f3rio<\/p>\n<p style=\"text-align: justify;\"><b>Ateli\u00eas de Artes Pl\u00e1sticas<\/b><\/p>\n<p style=\"text-align: justify;\">Com o projeto \u201cSonhar Acordados\u201d<\/p>\n<p style=\"text-align: justify;\">P\/ crian\u00e7as entre os 4 e os 12 anos<\/p>\n<p style=\"text-align: justify;\">Das 16h00 \u00e0s 19h00<\/p>\n<p style=\"text-align: justify;\"><b>Feira das Vaidades<\/b><\/p>\n<p style=\"text-align: justify;\">Das 21h00 \u00e0s 00h00<\/p>\n<p style=\"text-align: justify;\"><b>Djs Kikko e Tiago Sousa <\/b><\/p>\n<p style=\"text-align: justify;\">Das 21h00 \u00e0s 00h00<\/p>\n<p style=\"text-align: justify;\"><b>O Mocho Zarolho da Bruxa Faustina<\/b><\/p>\n<p style=\"text-align: justify;\">Conto encenado com Ateli\u00ea no final<\/p>\n<p style=\"text-align: justify;\">Arteviva<\/p>\n<p style=\"text-align: justify;\">P\/ crian\u00e7as entre os 4 e os 10 anos<\/p>\n<p style=\"text-align: justify;\">Apare\u00e7a! N\u00f3s oferecemos um caf\u00e9.<\/p>\n<p style=\"text-align: justify;\">E\u2026 mais algumas surpresas!<\/p>\n<p>&nbsp;<\/p>\n<p>&nbsp;<\/p>\n<p><b>\u00a0<\/b><\/p>\n<p align=\"right\"><b>CMB 2013-10-30<\/b><\/p>\n","protected":false},"excerpt":{"rendered":"<p>O Audit\u00f3rio Municipal Augusto Cabrita est\u00e1 de parab\u00e9ns! Comemora, no dia 1 de novembro, 10 anos ao servi\u00e7o da Cultura no Concelho do Barreiro. S\u00e3o 10 anos de m\u00fasica, teatro, dan\u00e7a, pintura, fotografia, escultura, entre muitas outras formas de arte que encheram este espa\u00e7o de p\u00fablico, de cor, de vida. Com uma programa\u00e7\u00e3o de qualidade, [&hellip;]<\/p>\n","protected":false},"author":1,"featured_media":10541,"comment_status":"open","ping_status":"open","sticky":false,"template":"","format":"standard","meta":{"footnotes":""},"categories":[32,3],"tags":[255,41],"class_list":["post-10540","post","type-post","status-publish","format-standard","has-post-thumbnail","hentry","category-destaque","category-eventos","tag-artistas-a-brincar","tag-barreiro","last_archivepost"],"yoast_head":"<!-- This site is optimized with the Yoast SEO plugin v27.1.1 - https:\/\/yoast.com\/product\/yoast-seo-wordpress\/ -->\n<title>Audit\u00f3rio Municipal Augusto Cabrita 10 anos de Cultura! - barreiroweb<\/title>\n<meta name=\"robots\" content=\"index, follow, max-snippet:-1, max-image-preview:large, max-video-preview:-1\" \/>\n<link rel=\"canonical\" href=\"https:\/\/arquivo.barreiroweb.net\/?p=10540\" \/>\n<meta property=\"og:locale\" content=\"pt_PT\" \/>\n<meta property=\"og:type\" content=\"article\" \/>\n<meta property=\"og:title\" content=\"Audit\u00f3rio Municipal Augusto Cabrita 10 anos de Cultura! - barreiroweb\" \/>\n<meta property=\"og:description\" content=\"O Audit\u00f3rio Municipal Augusto Cabrita est\u00e1 de parab\u00e9ns! Comemora, no dia 1 de novembro, 10 anos ao servi\u00e7o da Cultura no Concelho do Barreiro. S\u00e3o 10 anos de m\u00fasica, teatro, dan\u00e7a, pintura, fotografia, escultura, entre muitas outras formas de arte que encheram este espa\u00e7o de p\u00fablico, de cor, de vida. Com uma programa\u00e7\u00e3o de qualidade, [&hellip;]\" \/>\n<meta property=\"og:url\" content=\"https:\/\/arquivo.barreiroweb.net\/?p=10540\" \/>\n<meta property=\"og:site_name\" content=\"barreiroweb\" \/>\n<meta property=\"article:publisher\" content=\"https:\/\/www.facebook.com\/barreiroweb\" \/>\n<meta property=\"article:published_time\" content=\"2013-10-31T22:08:13+00:00\" \/>\n<meta property=\"og:image\" content=\"https:\/\/arquivo.barreiroweb.net\/wp-content\/uploads\/2013\/10\/amac-Postal-frente.jpg\" \/>\n\t<meta property=\"og:image:width\" content=\"209\" \/>\n\t<meta property=\"og:image:height\" content=\"314\" \/>\n\t<meta property=\"og:image:type\" content=\"image\/jpeg\" \/>\n<meta name=\"author\" content=\"barreiroweb\" \/>\n<meta name=\"twitter:card\" content=\"summary_large_image\" \/>\n<meta name=\"twitter:creator\" content=\"@barreiroweb\" \/>\n<meta name=\"twitter:site\" content=\"@barreiroweb\" \/>\n<meta name=\"twitter:label1\" content=\"Escrito por\" \/>\n\t<meta name=\"twitter:data1\" content=\"barreiroweb\" \/>\n\t<meta name=\"twitter:label2\" content=\"Tempo estimado de leitura\" \/>\n\t<meta name=\"twitter:data2\" content=\"1 minuto\" \/>\n<script type=\"application\/ld+json\" class=\"yoast-schema-graph\">{\"@context\":\"https:\/\/schema.org\",\"@graph\":[{\"@type\":\"Article\",\"@id\":\"https:\/\/arquivo.barreiroweb.net\/?p=10540#article\",\"isPartOf\":{\"@id\":\"https:\/\/arquivo.barreiroweb.net\/?p=10540\"},\"author\":{\"name\":\"barreiroweb\",\"@id\":\"https:\/\/arquivo.barreiroweb.net\/#\/schema\/person\/44b6d528aff975e3786c9f475f9df2dd\"},\"headline\":\"Audit\u00f3rio Municipal Augusto Cabrita 10 anos de Cultura!\",\"datePublished\":\"2013-10-31T22:08:13+00:00\",\"mainEntityOfPage\":{\"@id\":\"https:\/\/arquivo.barreiroweb.net\/?p=10540\"},\"wordCount\":281,\"commentCount\":0,\"publisher\":{\"@id\":\"https:\/\/arquivo.barreiroweb.net\/#organization\"},\"image\":{\"@id\":\"https:\/\/arquivo.barreiroweb.net\/?p=10540#primaryimage\"},\"thumbnailUrl\":\"https:\/\/arquivo.barreiroweb.net\/wp-content\/uploads\/2013\/10\/amac-Postal-frente.jpg\",\"keywords\":[\"artistas a brincar\",\"barreiro\"],\"articleSection\":[\"Destaque\",\"Eventos\"],\"inLanguage\":\"pt-PT\",\"potentialAction\":[{\"@type\":\"CommentAction\",\"name\":\"Comment\",\"target\":[\"https:\/\/arquivo.barreiroweb.net\/?p=10540#respond\"]}]},{\"@type\":\"WebPage\",\"@id\":\"https:\/\/arquivo.barreiroweb.net\/?p=10540\",\"url\":\"https:\/\/arquivo.barreiroweb.net\/?p=10540\",\"name\":\"Audit\u00f3rio Municipal Augusto Cabrita 10 anos de Cultura! - barreiroweb\",\"isPartOf\":{\"@id\":\"https:\/\/arquivo.barreiroweb.net\/#website\"},\"primaryImageOfPage\":{\"@id\":\"https:\/\/arquivo.barreiroweb.net\/?p=10540#primaryimage\"},\"image\":{\"@id\":\"https:\/\/arquivo.barreiroweb.net\/?p=10540#primaryimage\"},\"thumbnailUrl\":\"https:\/\/arquivo.barreiroweb.net\/wp-content\/uploads\/2013\/10\/amac-Postal-frente.jpg\",\"datePublished\":\"2013-10-31T22:08:13+00:00\",\"breadcrumb\":{\"@id\":\"https:\/\/arquivo.barreiroweb.net\/?p=10540#breadcrumb\"},\"inLanguage\":\"pt-PT\",\"potentialAction\":[{\"@type\":\"ReadAction\",\"target\":[\"https:\/\/arquivo.barreiroweb.net\/?p=10540\"]}]},{\"@type\":\"ImageObject\",\"inLanguage\":\"pt-PT\",\"@id\":\"https:\/\/arquivo.barreiroweb.net\/?p=10540#primaryimage\",\"url\":\"https:\/\/arquivo.barreiroweb.net\/wp-content\/uploads\/2013\/10\/amac-Postal-frente.jpg\",\"contentUrl\":\"https:\/\/arquivo.barreiroweb.net\/wp-content\/uploads\/2013\/10\/amac-Postal-frente.jpg\",\"width\":209,\"height\":314},{\"@type\":\"BreadcrumbList\",\"@id\":\"https:\/\/arquivo.barreiroweb.net\/?p=10540#breadcrumb\",\"itemListElement\":[{\"@type\":\"ListItem\",\"position\":1,\"name\":\"In\u00edcio\",\"item\":\"https:\/\/arquivo.barreiroweb.net\/\"},{\"@type\":\"ListItem\",\"position\":2,\"name\":\"Audit\u00f3rio Municipal Augusto Cabrita 10 anos de Cultura!\"}]},{\"@type\":\"WebSite\",\"@id\":\"https:\/\/arquivo.barreiroweb.net\/#website\",\"url\":\"https:\/\/arquivo.barreiroweb.net\/\",\"name\":\"barreiroweb\",\"description\":\"Barreiroweb o barreiro na web\",\"publisher\":{\"@id\":\"https:\/\/arquivo.barreiroweb.net\/#organization\"},\"potentialAction\":[{\"@type\":\"SearchAction\",\"target\":{\"@type\":\"EntryPoint\",\"urlTemplate\":\"https:\/\/arquivo.barreiroweb.net\/?s={search_term_string}\"},\"query-input\":{\"@type\":\"PropertyValueSpecification\",\"valueRequired\":true,\"valueName\":\"search_term_string\"}}],\"inLanguage\":\"pt-PT\"},{\"@type\":\"Organization\",\"@id\":\"https:\/\/arquivo.barreiroweb.net\/#organization\",\"name\":\"barreiroweb\",\"url\":\"https:\/\/arquivo.barreiroweb.net\/\",\"logo\":{\"@type\":\"ImageObject\",\"inLanguage\":\"pt-PT\",\"@id\":\"https:\/\/arquivo.barreiroweb.net\/#\/schema\/logo\/image\/\",\"url\":\"https:\/\/barreiroweb.net\/wp-content\/uploads\/2022\/05\/BarreiroWeb555.jpg\",\"contentUrl\":\"https:\/\/barreiroweb.net\/wp-content\/uploads\/2022\/05\/BarreiroWeb555.jpg\",\"width\":421,\"height\":415,\"caption\":\"barreiroweb\"},\"image\":{\"@id\":\"https:\/\/arquivo.barreiroweb.net\/#\/schema\/logo\/image\/\"},\"sameAs\":[\"https:\/\/www.facebook.com\/barreiroweb\",\"https:\/\/x.com\/barreiroweb\"]},{\"@type\":\"Person\",\"@id\":\"https:\/\/arquivo.barreiroweb.net\/#\/schema\/person\/44b6d528aff975e3786c9f475f9df2dd\",\"name\":\"barreiroweb\",\"image\":{\"@type\":\"ImageObject\",\"inLanguage\":\"pt-PT\",\"@id\":\"https:\/\/arquivo.barreiroweb.net\/#\/schema\/person\/image\/\",\"url\":\"https:\/\/secure.gravatar.com\/avatar\/1f764b917967430404ff0b452044eb63a25d64a5363b25be2aa42273930f477d?s=96&d=mm&r=g\",\"contentUrl\":\"https:\/\/secure.gravatar.com\/avatar\/1f764b917967430404ff0b452044eb63a25d64a5363b25be2aa42273930f477d?s=96&d=mm&r=g\",\"caption\":\"barreiroweb\"},\"url\":\"https:\/\/arquivo.barreiroweb.net\/?author=1\"}]}<\/script>\n<!-- \/ Yoast SEO plugin. -->","yoast_head_json":{"title":"Audit\u00f3rio Municipal Augusto Cabrita 10 anos de Cultura! - barreiroweb","robots":{"index":"index","follow":"follow","max-snippet":"max-snippet:-1","max-image-preview":"max-image-preview:large","max-video-preview":"max-video-preview:-1"},"canonical":"https:\/\/arquivo.barreiroweb.net\/?p=10540","og_locale":"pt_PT","og_type":"article","og_title":"Audit\u00f3rio Municipal Augusto Cabrita 10 anos de Cultura! - barreiroweb","og_description":"O Audit\u00f3rio Municipal Augusto Cabrita est\u00e1 de parab\u00e9ns! Comemora, no dia 1 de novembro, 10 anos ao servi\u00e7o da Cultura no Concelho do Barreiro. S\u00e3o 10 anos de m\u00fasica, teatro, dan\u00e7a, pintura, fotografia, escultura, entre muitas outras formas de arte que encheram este espa\u00e7o de p\u00fablico, de cor, de vida. Com uma programa\u00e7\u00e3o de qualidade, [&hellip;]","og_url":"https:\/\/arquivo.barreiroweb.net\/?p=10540","og_site_name":"barreiroweb","article_publisher":"https:\/\/www.facebook.com\/barreiroweb","article_published_time":"2013-10-31T22:08:13+00:00","og_image":[{"width":209,"height":314,"url":"https:\/\/arquivo.barreiroweb.net\/wp-content\/uploads\/2013\/10\/amac-Postal-frente.jpg","type":"image\/jpeg"}],"author":"barreiroweb","twitter_card":"summary_large_image","twitter_creator":"@barreiroweb","twitter_site":"@barreiroweb","twitter_misc":{"Escrito por":"barreiroweb","Tempo estimado de leitura":"1 minuto"},"schema":{"@context":"https:\/\/schema.org","@graph":[{"@type":"Article","@id":"https:\/\/arquivo.barreiroweb.net\/?p=10540#article","isPartOf":{"@id":"https:\/\/arquivo.barreiroweb.net\/?p=10540"},"author":{"name":"barreiroweb","@id":"https:\/\/arquivo.barreiroweb.net\/#\/schema\/person\/44b6d528aff975e3786c9f475f9df2dd"},"headline":"Audit\u00f3rio Municipal Augusto Cabrita 10 anos de Cultura!","datePublished":"2013-10-31T22:08:13+00:00","mainEntityOfPage":{"@id":"https:\/\/arquivo.barreiroweb.net\/?p=10540"},"wordCount":281,"commentCount":0,"publisher":{"@id":"https:\/\/arquivo.barreiroweb.net\/#organization"},"image":{"@id":"https:\/\/arquivo.barreiroweb.net\/?p=10540#primaryimage"},"thumbnailUrl":"https:\/\/arquivo.barreiroweb.net\/wp-content\/uploads\/2013\/10\/amac-Postal-frente.jpg","keywords":["artistas a brincar","barreiro"],"articleSection":["Destaque","Eventos"],"inLanguage":"pt-PT","potentialAction":[{"@type":"CommentAction","name":"Comment","target":["https:\/\/arquivo.barreiroweb.net\/?p=10540#respond"]}]},{"@type":"WebPage","@id":"https:\/\/arquivo.barreiroweb.net\/?p=10540","url":"https:\/\/arquivo.barreiroweb.net\/?p=10540","name":"Audit\u00f3rio Municipal Augusto Cabrita 10 anos de Cultura! - barreiroweb","isPartOf":{"@id":"https:\/\/arquivo.barreiroweb.net\/#website"},"primaryImageOfPage":{"@id":"https:\/\/arquivo.barreiroweb.net\/?p=10540#primaryimage"},"image":{"@id":"https:\/\/arquivo.barreiroweb.net\/?p=10540#primaryimage"},"thumbnailUrl":"https:\/\/arquivo.barreiroweb.net\/wp-content\/uploads\/2013\/10\/amac-Postal-frente.jpg","datePublished":"2013-10-31T22:08:13+00:00","breadcrumb":{"@id":"https:\/\/arquivo.barreiroweb.net\/?p=10540#breadcrumb"},"inLanguage":"pt-PT","potentialAction":[{"@type":"ReadAction","target":["https:\/\/arquivo.barreiroweb.net\/?p=10540"]}]},{"@type":"ImageObject","inLanguage":"pt-PT","@id":"https:\/\/arquivo.barreiroweb.net\/?p=10540#primaryimage","url":"https:\/\/arquivo.barreiroweb.net\/wp-content\/uploads\/2013\/10\/amac-Postal-frente.jpg","contentUrl":"https:\/\/arquivo.barreiroweb.net\/wp-content\/uploads\/2013\/10\/amac-Postal-frente.jpg","width":209,"height":314},{"@type":"BreadcrumbList","@id":"https:\/\/arquivo.barreiroweb.net\/?p=10540#breadcrumb","itemListElement":[{"@type":"ListItem","position":1,"name":"In\u00edcio","item":"https:\/\/arquivo.barreiroweb.net\/"},{"@type":"ListItem","position":2,"name":"Audit\u00f3rio Municipal Augusto Cabrita 10 anos de Cultura!"}]},{"@type":"WebSite","@id":"https:\/\/arquivo.barreiroweb.net\/#website","url":"https:\/\/arquivo.barreiroweb.net\/","name":"barreiroweb","description":"Barreiroweb o barreiro na web","publisher":{"@id":"https:\/\/arquivo.barreiroweb.net\/#organization"},"potentialAction":[{"@type":"SearchAction","target":{"@type":"EntryPoint","urlTemplate":"https:\/\/arquivo.barreiroweb.net\/?s={search_term_string}"},"query-input":{"@type":"PropertyValueSpecification","valueRequired":true,"valueName":"search_term_string"}}],"inLanguage":"pt-PT"},{"@type":"Organization","@id":"https:\/\/arquivo.barreiroweb.net\/#organization","name":"barreiroweb","url":"https:\/\/arquivo.barreiroweb.net\/","logo":{"@type":"ImageObject","inLanguage":"pt-PT","@id":"https:\/\/arquivo.barreiroweb.net\/#\/schema\/logo\/image\/","url":"https:\/\/barreiroweb.net\/wp-content\/uploads\/2022\/05\/BarreiroWeb555.jpg","contentUrl":"https:\/\/barreiroweb.net\/wp-content\/uploads\/2022\/05\/BarreiroWeb555.jpg","width":421,"height":415,"caption":"barreiroweb"},"image":{"@id":"https:\/\/arquivo.barreiroweb.net\/#\/schema\/logo\/image\/"},"sameAs":["https:\/\/www.facebook.com\/barreiroweb","https:\/\/x.com\/barreiroweb"]},{"@type":"Person","@id":"https:\/\/arquivo.barreiroweb.net\/#\/schema\/person\/44b6d528aff975e3786c9f475f9df2dd","name":"barreiroweb","image":{"@type":"ImageObject","inLanguage":"pt-PT","@id":"https:\/\/arquivo.barreiroweb.net\/#\/schema\/person\/image\/","url":"https:\/\/secure.gravatar.com\/avatar\/1f764b917967430404ff0b452044eb63a25d64a5363b25be2aa42273930f477d?s=96&d=mm&r=g","contentUrl":"https:\/\/secure.gravatar.com\/avatar\/1f764b917967430404ff0b452044eb63a25d64a5363b25be2aa42273930f477d?s=96&d=mm&r=g","caption":"barreiroweb"},"url":"https:\/\/arquivo.barreiroweb.net\/?author=1"}]}},"_links":{"self":[{"href":"https:\/\/arquivo.barreiroweb.net\/index.php?rest_route=\/wp\/v2\/posts\/10540","targetHints":{"allow":["GET"]}}],"collection":[{"href":"https:\/\/arquivo.barreiroweb.net\/index.php?rest_route=\/wp\/v2\/posts"}],"about":[{"href":"https:\/\/arquivo.barreiroweb.net\/index.php?rest_route=\/wp\/v2\/types\/post"}],"author":[{"embeddable":true,"href":"https:\/\/arquivo.barreiroweb.net\/index.php?rest_route=\/wp\/v2\/users\/1"}],"replies":[{"embeddable":true,"href":"https:\/\/arquivo.barreiroweb.net\/index.php?rest_route=%2Fwp%2Fv2%2Fcomments&post=10540"}],"version-history":[{"count":1,"href":"https:\/\/arquivo.barreiroweb.net\/index.php?rest_route=\/wp\/v2\/posts\/10540\/revisions"}],"predecessor-version":[{"id":10542,"href":"https:\/\/arquivo.barreiroweb.net\/index.php?rest_route=\/wp\/v2\/posts\/10540\/revisions\/10542"}],"wp:featuredmedia":[{"embeddable":true,"href":"https:\/\/arquivo.barreiroweb.net\/index.php?rest_route=\/wp\/v2\/media\/10541"}],"wp:attachment":[{"href":"https:\/\/arquivo.barreiroweb.net\/index.php?rest_route=%2Fwp%2Fv2%2Fmedia&parent=10540"}],"wp:term":[{"taxonomy":"category","embeddable":true,"href":"https:\/\/arquivo.barreiroweb.net\/index.php?rest_route=%2Fwp%2Fv2%2Fcategories&post=10540"},{"taxonomy":"post_tag","embeddable":true,"href":"https:\/\/arquivo.barreiroweb.net\/index.php?rest_route=%2Fwp%2Fv2%2Ftags&post=10540"}],"curies":[{"name":"wp","href":"https:\/\/api.w.org\/{rel}","templated":true}]}}