{"id":10106,"date":"2013-07-30T00:21:24","date_gmt":"2013-07-29T23:21:24","guid":{"rendered":"http:\/\/barreiroweb.eu\/?p=10106"},"modified":"2013-07-30T00:21:24","modified_gmt":"2013-07-29T23:21:24","slug":"latas-na-cidade-ate-30-de-julho","status":"publish","type":"post","link":"https:\/\/arquivo.barreiroweb.net\/?p=10106","title":{"rendered":"\u201cLatas na Cidade\u201d at\u00e9 30 de julho"},"content":{"rendered":"<p style=\"text-align: justify;\" align=\"center\"><strong><a href=\"http:\/\/barreiroweb.eu\/wp-content\/uploads\/2013\/07\/Latas-na-Cidade-Barreiro-78+.jpg\" rel=\"lightbox[10106]\"><img loading=\"lazy\" decoding=\"async\" class=\"alignleft size-thumbnail wp-image-10108\" alt=\"Latas na Cidade Barreiro 78+\" src=\"http:\/\/barreiroweb.eu\/wp-content\/uploads\/2013\/07\/Latas-na-Cidade-Barreiro-78+-150x150.jpg\" width=\"150\" height=\"150\" srcset=\"https:\/\/arquivo.barreiroweb.net\/wp-content\/uploads\/2013\/07\/Latas-na-Cidade-Barreiro-78+-150x150.jpg 150w, https:\/\/arquivo.barreiroweb.net\/wp-content\/uploads\/2013\/07\/Latas-na-Cidade-Barreiro-78+-50x50.jpg 50w, https:\/\/arquivo.barreiroweb.net\/wp-content\/uploads\/2013\/07\/Latas-na-Cidade-Barreiro-78+-70x70.jpg 70w, https:\/\/arquivo.barreiroweb.net\/wp-content\/uploads\/2013\/07\/Latas-na-Cidade-Barreiro-78+-55x55.jpg 55w\" sizes=\"auto, (max-width: 150px) 100vw, 150px\" \/><\/a>Ainda \u00e9 poss\u00edvel tirar fotografias. Participe<\/strong><\/p>\n<p style=\"text-align: justify;\">Continua a decorrer, no Barreiro, at\u00e9 \u00e0s 19h00 de amanh\u00e3, TER\u00c7A-FEIRA, 30 de JULHO, a iniciativa \u201cLatas na Cidade\u201d. Nesta 2\u00aa edi\u00e7\u00e3o no Barreiro, hoje, SEGUNDA-FEIRA, AT\u00c9 \u00c0S 19H00, e AMANH\u00c3, entre as 15H00 e as 19H00, ainda \u00e9, assim, poss\u00edvel tirar fotografias com estas peculiares latas e captar momentos \u00fanicos, caracter\u00edsticos de cada terra por onde este projeto passa. A utiliza\u00e7\u00e3o das latas \u00e9 gratuita.<\/p>\n<p style=\"text-align: justify;\">Muitos foram os fotogr\u00e1ficos que j\u00e1 \u201cdisseram sim\u201d a este desafio. S\u00e1bado, foram devolvidas cerca de vinte latas\/m\u00e1quinas fotogr\u00e1ficas. Durante a tarde de hoje, no momento da reportagem (cerca das 15h30) estavam 15 \u201cna rua\u201d. No m\u00e1ximo, no Barreiro, podem ser encontradas 30 espalhadas.<\/p>\n<p style=\"text-align: justify;\">\u00c0 espera que as latas distribu\u00eddas pela cidade sejam devolvidas, no Laborat\u00f3rio, \u201cmontado\u201d no Espa\u00e7o J, no 1\u00ba andar do edif\u00edcio do Mercado Municipal 1\u00ba de Maio, na Avenida Alfredo da Silva, est\u00e3o os respons\u00e1veis do Projeto, do ateli\u00ea Imagerie \u2013 Casa de Imagens, Magda Fernandes e Domingos. \u00c9 poss\u00edvel assistir \u00e0 revela\u00e7\u00e3o.<\/p>\n<p style=\"text-align: justify;\">Algumas das latas devolvidas, note-se, resultam de produ\u00e7\u00e3o pr\u00f3pria, foram trazidas por formandos participantes no workshop realizado s\u00e1bado, no \u00e2mbito da iniciativa. Assim foi com os primos Diogo e Lucas, de nove e 11 anos, respetivamente, que estiveram no workshop, regressaram 2\u00aa feira com \u201clatas\u201d de \u201cfabrico pr\u00f3prio\u201d, recarregaram-nas e regressaram, novamente, com outras imagens \u201cda cidade\u201d.<\/p>\n<p style=\"text-align: justify;\">As Latas continuam dispon\u00edveis na cidade, \u00e0 espera que algum \u201cfot\u00f3grafo\u201d as \u201cresgate\u201d. Para quem repara nelas, causa sempre, algum impacto. Alguns, por pudor, observam e n\u00e3o lhes tocam. Outros, conhecedores, curiosos, menos t\u00edmidos ou mais afoitos, pegam no objeto e rapidamente percebem do que se trata atrav\u00e9s das instru\u00e7\u00f5es que nelas constam.<\/p>\n<p style=\"text-align: justify;\">O Laborat\u00f3rio, recorde-se, est\u00e1 aberto ao p\u00fablico, a 29 e 30 de julho, das 15h00 \u00e0s 19h00.<\/p>\n<p style=\"text-align: justify;\">Esta iniciativa do ateli\u00ea Imagerie \u2013 Casa de Imagens, que come\u00e7ou s\u00e1bado, dia 27, conta com a parceria da C\u00e2mara Municipal do Barreiro.<\/p>\n<p style=\"text-align: justify;\">Sinopse<\/p>\n<p style=\"text-align: justify;\">\u00abAs latas voltam a invadir o Barreiro!<\/p>\n<p style=\"text-align: justify;\">Se ao passear pela sua cidade encontrar perdida uma lata com a inscri\u00e7\u00e3o: \u201cEu n\u00e3o sou uma lata. Sou uma c\u00e2mara fotogr\u00e1fica!\u201d, n\u00e3o a ignore, leve-a consigo e experimente esta forma diferente e interessante de fotografar, e captar os espa\u00e7os vivos do Barreiro.<\/p>\n<p style=\"text-align: justify;\">As latas v\u00eam com as instru\u00e7\u00f5es, necess\u00e1rias, e ainda ter\u00e1 a oportunidade de assistir ao processo m\u00e1gico de revela\u00e7\u00e3o da sua imagem.<\/p>\n<p style=\"text-align: justify;\">A utiliza\u00e7\u00e3o das latas \u00e9 gratuita.<\/p>\n<p style=\"text-align: justify;\">Este \u00e9 um projeto do ateli\u00ea Imagerie \u2013 Casa de Imagens.\u00bb<\/p>\n<p style=\"text-align: justify;\">+INFO: imagerieonline.com | latasnacidade.com | facebook.com\/latasnacidade<\/p>\n<p style=\"text-align: justify;\" align=\"center\">+ Eventos no \u00e2mbito do projeto<\/p>\n<p style=\"text-align: justify;\">Acompanhamento do projeto \u201cEspa\u00e7os Vivos\u201d:<\/p>\n<p style=\"text-align: justify;\">27, 29 e 30 de julho, das 15h00 \u00e0s 19h00<\/p>\n<p style=\"text-align: justify;\">(a participa\u00e7\u00e3o no projeto \u00e9 facultativa)<\/p>\n<p style=\"text-align: justify;\">Exposi\u00e7\u00e3o de Fotografia Pinhole \u201cEspa\u00e7os Vivos\u201d:<\/p>\n<p style=\"text-align: justify;\">Durante o dia<\/p>\n<p style=\"text-align: justify;\">2 a 4 de agosto, Parque Catarina Euf\u00e9mia<\/p>\n<p style=\"text-align: justify;\">Informa\u00e7\u00f5es e inscri\u00e7\u00f5es:<\/p>\n<p style=\"text-align: justify;\">Presencialmente: Espa\u00e7o J &#8211; Mercado Municipal 1\u00ba Maio &#8211; 1\u00ba andar, Barreiro<\/p>\n<p style=\"text-align: justify;\">Por e-mail: <a href=\"mailto:geral@imagerieonline.com\">geral@imagerieonline.com<\/a><\/p>\n<p style=\"text-align: justify;\">Por telem\u00f3vel: 916 199 408<\/p>\n<p style=\"text-align: justify;\">\u00a0<\/p>\n<p align=\"right\"><b>CMB 2013-07-29<\/b><\/p>\n","protected":false},"excerpt":{"rendered":"<p>Ainda \u00e9 poss\u00edvel tirar fotografias. Participe Continua a decorrer, no Barreiro, at\u00e9 \u00e0s 19h00 de amanh\u00e3, TER\u00c7A-FEIRA, 30 de JULHO, a iniciativa \u201cLatas na Cidade\u201d. Nesta 2\u00aa edi\u00e7\u00e3o no Barreiro, hoje, SEGUNDA-FEIRA, AT\u00c9 \u00c0S 19H00, e AMANH\u00c3, entre as 15H00 e as 19H00, ainda \u00e9, assim, poss\u00edvel tirar fotografias com estas peculiares latas e captar [&hellip;]<\/p>\n","protected":false},"author":1,"featured_media":10108,"comment_status":"open","ping_status":"open","sticky":false,"template":"","format":"standard","meta":{"footnotes":""},"categories":[32,5],"tags":[41,213,426],"class_list":["post-10106","post","type-post","status-publish","format-standard","has-post-thumbnail","hentry","category-destaque","category-fotografia","tag-barreiro","tag-fotografia-2","tag-latas-na-cidade","last_archivepost"],"yoast_head":"<!-- This site is optimized with the Yoast SEO plugin v27.1.1 - https:\/\/yoast.com\/product\/yoast-seo-wordpress\/ -->\n<title>\u201cLatas na Cidade\u201d at\u00e9 30 de julho - barreiroweb<\/title>\n<meta name=\"robots\" content=\"index, follow, max-snippet:-1, max-image-preview:large, max-video-preview:-1\" \/>\n<link rel=\"canonical\" href=\"https:\/\/arquivo.barreiroweb.net\/?p=10106\" \/>\n<meta property=\"og:locale\" content=\"pt_PT\" \/>\n<meta property=\"og:type\" content=\"article\" \/>\n<meta property=\"og:title\" content=\"\u201cLatas na Cidade\u201d at\u00e9 30 de julho - barreiroweb\" \/>\n<meta property=\"og:description\" content=\"Ainda \u00e9 poss\u00edvel tirar fotografias. Participe Continua a decorrer, no Barreiro, at\u00e9 \u00e0s 19h00 de amanh\u00e3, TER\u00c7A-FEIRA, 30 de JULHO, a iniciativa \u201cLatas na Cidade\u201d. Nesta 2\u00aa edi\u00e7\u00e3o no Barreiro, hoje, SEGUNDA-FEIRA, AT\u00c9 \u00c0S 19H00, e AMANH\u00c3, entre as 15H00 e as 19H00, ainda \u00e9, assim, poss\u00edvel tirar fotografias com estas peculiares latas e captar [&hellip;]\" \/>\n<meta property=\"og:url\" content=\"https:\/\/arquivo.barreiroweb.net\/?p=10106\" \/>\n<meta property=\"og:site_name\" content=\"barreiroweb\" \/>\n<meta property=\"article:publisher\" content=\"https:\/\/www.facebook.com\/barreiroweb\" \/>\n<meta property=\"article:published_time\" content=\"2013-07-29T23:21:24+00:00\" \/>\n<meta property=\"og:image\" content=\"https:\/\/arquivo.barreiroweb.net\/wp-content\/uploads\/2013\/07\/Latas-na-Cidade-Barreiro-78+.jpg\" \/>\n\t<meta property=\"og:image:width\" content=\"305\" \/>\n\t<meta property=\"og:image:height\" content=\"235\" \/>\n\t<meta property=\"og:image:type\" content=\"image\/jpeg\" \/>\n<meta name=\"author\" content=\"barreiroweb\" \/>\n<meta name=\"twitter:card\" content=\"summary_large_image\" \/>\n<meta name=\"twitter:creator\" content=\"@barreiroweb\" \/>\n<meta name=\"twitter:site\" content=\"@barreiroweb\" \/>\n<meta name=\"twitter:label1\" content=\"Escrito por\" \/>\n\t<meta name=\"twitter:data1\" content=\"barreiroweb\" \/>\n\t<meta name=\"twitter:label2\" content=\"Tempo estimado de leitura\" \/>\n\t<meta name=\"twitter:data2\" content=\"3 minutos\" \/>\n<script type=\"application\/ld+json\" class=\"yoast-schema-graph\">{\"@context\":\"https:\/\/schema.org\",\"@graph\":[{\"@type\":\"Article\",\"@id\":\"https:\/\/arquivo.barreiroweb.net\/?p=10106#article\",\"isPartOf\":{\"@id\":\"https:\/\/arquivo.barreiroweb.net\/?p=10106\"},\"author\":{\"name\":\"barreiroweb\",\"@id\":\"https:\/\/arquivo.barreiroweb.net\/#\/schema\/person\/44b6d528aff975e3786c9f475f9df2dd\"},\"headline\":\"\u201cLatas na Cidade\u201d at\u00e9 30 de julho\",\"datePublished\":\"2013-07-29T23:21:24+00:00\",\"mainEntityOfPage\":{\"@id\":\"https:\/\/arquivo.barreiroweb.net\/?p=10106\"},\"wordCount\":516,\"commentCount\":0,\"publisher\":{\"@id\":\"https:\/\/arquivo.barreiroweb.net\/#organization\"},\"image\":{\"@id\":\"https:\/\/arquivo.barreiroweb.net\/?p=10106#primaryimage\"},\"thumbnailUrl\":\"https:\/\/arquivo.barreiroweb.net\/wp-content\/uploads\/2013\/07\/Latas-na-Cidade-Barreiro-78+.jpg\",\"keywords\":[\"barreiro\",\"fotografia\",\"latas na cidade\"],\"articleSection\":[\"Destaque\",\"Fotografia\"],\"inLanguage\":\"pt-PT\",\"potentialAction\":[{\"@type\":\"CommentAction\",\"name\":\"Comment\",\"target\":[\"https:\/\/arquivo.barreiroweb.net\/?p=10106#respond\"]}]},{\"@type\":\"WebPage\",\"@id\":\"https:\/\/arquivo.barreiroweb.net\/?p=10106\",\"url\":\"https:\/\/arquivo.barreiroweb.net\/?p=10106\",\"name\":\"\u201cLatas na Cidade\u201d at\u00e9 30 de julho - barreiroweb\",\"isPartOf\":{\"@id\":\"https:\/\/arquivo.barreiroweb.net\/#website\"},\"primaryImageOfPage\":{\"@id\":\"https:\/\/arquivo.barreiroweb.net\/?p=10106#primaryimage\"},\"image\":{\"@id\":\"https:\/\/arquivo.barreiroweb.net\/?p=10106#primaryimage\"},\"thumbnailUrl\":\"https:\/\/arquivo.barreiroweb.net\/wp-content\/uploads\/2013\/07\/Latas-na-Cidade-Barreiro-78+.jpg\",\"datePublished\":\"2013-07-29T23:21:24+00:00\",\"breadcrumb\":{\"@id\":\"https:\/\/arquivo.barreiroweb.net\/?p=10106#breadcrumb\"},\"inLanguage\":\"pt-PT\",\"potentialAction\":[{\"@type\":\"ReadAction\",\"target\":[\"https:\/\/arquivo.barreiroweb.net\/?p=10106\"]}]},{\"@type\":\"ImageObject\",\"inLanguage\":\"pt-PT\",\"@id\":\"https:\/\/arquivo.barreiroweb.net\/?p=10106#primaryimage\",\"url\":\"https:\/\/arquivo.barreiroweb.net\/wp-content\/uploads\/2013\/07\/Latas-na-Cidade-Barreiro-78+.jpg\",\"contentUrl\":\"https:\/\/arquivo.barreiroweb.net\/wp-content\/uploads\/2013\/07\/Latas-na-Cidade-Barreiro-78+.jpg\",\"width\":305,\"height\":235},{\"@type\":\"BreadcrumbList\",\"@id\":\"https:\/\/arquivo.barreiroweb.net\/?p=10106#breadcrumb\",\"itemListElement\":[{\"@type\":\"ListItem\",\"position\":1,\"name\":\"In\u00edcio\",\"item\":\"https:\/\/arquivo.barreiroweb.net\/\"},{\"@type\":\"ListItem\",\"position\":2,\"name\":\"\u201cLatas na Cidade\u201d at\u00e9 30 de julho\"}]},{\"@type\":\"WebSite\",\"@id\":\"https:\/\/arquivo.barreiroweb.net\/#website\",\"url\":\"https:\/\/arquivo.barreiroweb.net\/\",\"name\":\"barreiroweb\",\"description\":\"Barreiroweb o barreiro na web\",\"publisher\":{\"@id\":\"https:\/\/arquivo.barreiroweb.net\/#organization\"},\"potentialAction\":[{\"@type\":\"SearchAction\",\"target\":{\"@type\":\"EntryPoint\",\"urlTemplate\":\"https:\/\/arquivo.barreiroweb.net\/?s={search_term_string}\"},\"query-input\":{\"@type\":\"PropertyValueSpecification\",\"valueRequired\":true,\"valueName\":\"search_term_string\"}}],\"inLanguage\":\"pt-PT\"},{\"@type\":\"Organization\",\"@id\":\"https:\/\/arquivo.barreiroweb.net\/#organization\",\"name\":\"barreiroweb\",\"url\":\"https:\/\/arquivo.barreiroweb.net\/\",\"logo\":{\"@type\":\"ImageObject\",\"inLanguage\":\"pt-PT\",\"@id\":\"https:\/\/arquivo.barreiroweb.net\/#\/schema\/logo\/image\/\",\"url\":\"https:\/\/barreiroweb.net\/wp-content\/uploads\/2022\/05\/BarreiroWeb555.jpg\",\"contentUrl\":\"https:\/\/barreiroweb.net\/wp-content\/uploads\/2022\/05\/BarreiroWeb555.jpg\",\"width\":421,\"height\":415,\"caption\":\"barreiroweb\"},\"image\":{\"@id\":\"https:\/\/arquivo.barreiroweb.net\/#\/schema\/logo\/image\/\"},\"sameAs\":[\"https:\/\/www.facebook.com\/barreiroweb\",\"https:\/\/x.com\/barreiroweb\"]},{\"@type\":\"Person\",\"@id\":\"https:\/\/arquivo.barreiroweb.net\/#\/schema\/person\/44b6d528aff975e3786c9f475f9df2dd\",\"name\":\"barreiroweb\",\"image\":{\"@type\":\"ImageObject\",\"inLanguage\":\"pt-PT\",\"@id\":\"https:\/\/arquivo.barreiroweb.net\/#\/schema\/person\/image\/\",\"url\":\"https:\/\/secure.gravatar.com\/avatar\/1f764b917967430404ff0b452044eb63a25d64a5363b25be2aa42273930f477d?s=96&d=mm&r=g\",\"contentUrl\":\"https:\/\/secure.gravatar.com\/avatar\/1f764b917967430404ff0b452044eb63a25d64a5363b25be2aa42273930f477d?s=96&d=mm&r=g\",\"caption\":\"barreiroweb\"},\"url\":\"https:\/\/arquivo.barreiroweb.net\/?author=1\"}]}<\/script>\n<!-- \/ Yoast SEO plugin. -->","yoast_head_json":{"title":"\u201cLatas na Cidade\u201d at\u00e9 30 de julho - barreiroweb","robots":{"index":"index","follow":"follow","max-snippet":"max-snippet:-1","max-image-preview":"max-image-preview:large","max-video-preview":"max-video-preview:-1"},"canonical":"https:\/\/arquivo.barreiroweb.net\/?p=10106","og_locale":"pt_PT","og_type":"article","og_title":"\u201cLatas na Cidade\u201d at\u00e9 30 de julho - barreiroweb","og_description":"Ainda \u00e9 poss\u00edvel tirar fotografias. Participe Continua a decorrer, no Barreiro, at\u00e9 \u00e0s 19h00 de amanh\u00e3, TER\u00c7A-FEIRA, 30 de JULHO, a iniciativa \u201cLatas na Cidade\u201d. Nesta 2\u00aa edi\u00e7\u00e3o no Barreiro, hoje, SEGUNDA-FEIRA, AT\u00c9 \u00c0S 19H00, e AMANH\u00c3, entre as 15H00 e as 19H00, ainda \u00e9, assim, poss\u00edvel tirar fotografias com estas peculiares latas e captar [&hellip;]","og_url":"https:\/\/arquivo.barreiroweb.net\/?p=10106","og_site_name":"barreiroweb","article_publisher":"https:\/\/www.facebook.com\/barreiroweb","article_published_time":"2013-07-29T23:21:24+00:00","og_image":[{"width":305,"height":235,"url":"https:\/\/arquivo.barreiroweb.net\/wp-content\/uploads\/2013\/07\/Latas-na-Cidade-Barreiro-78+.jpg","type":"image\/jpeg"}],"author":"barreiroweb","twitter_card":"summary_large_image","twitter_creator":"@barreiroweb","twitter_site":"@barreiroweb","twitter_misc":{"Escrito por":"barreiroweb","Tempo estimado de leitura":"3 minutos"},"schema":{"@context":"https:\/\/schema.org","@graph":[{"@type":"Article","@id":"https:\/\/arquivo.barreiroweb.net\/?p=10106#article","isPartOf":{"@id":"https:\/\/arquivo.barreiroweb.net\/?p=10106"},"author":{"name":"barreiroweb","@id":"https:\/\/arquivo.barreiroweb.net\/#\/schema\/person\/44b6d528aff975e3786c9f475f9df2dd"},"headline":"\u201cLatas na Cidade\u201d at\u00e9 30 de julho","datePublished":"2013-07-29T23:21:24+00:00","mainEntityOfPage":{"@id":"https:\/\/arquivo.barreiroweb.net\/?p=10106"},"wordCount":516,"commentCount":0,"publisher":{"@id":"https:\/\/arquivo.barreiroweb.net\/#organization"},"image":{"@id":"https:\/\/arquivo.barreiroweb.net\/?p=10106#primaryimage"},"thumbnailUrl":"https:\/\/arquivo.barreiroweb.net\/wp-content\/uploads\/2013\/07\/Latas-na-Cidade-Barreiro-78+.jpg","keywords":["barreiro","fotografia","latas na cidade"],"articleSection":["Destaque","Fotografia"],"inLanguage":"pt-PT","potentialAction":[{"@type":"CommentAction","name":"Comment","target":["https:\/\/arquivo.barreiroweb.net\/?p=10106#respond"]}]},{"@type":"WebPage","@id":"https:\/\/arquivo.barreiroweb.net\/?p=10106","url":"https:\/\/arquivo.barreiroweb.net\/?p=10106","name":"\u201cLatas na Cidade\u201d at\u00e9 30 de julho - barreiroweb","isPartOf":{"@id":"https:\/\/arquivo.barreiroweb.net\/#website"},"primaryImageOfPage":{"@id":"https:\/\/arquivo.barreiroweb.net\/?p=10106#primaryimage"},"image":{"@id":"https:\/\/arquivo.barreiroweb.net\/?p=10106#primaryimage"},"thumbnailUrl":"https:\/\/arquivo.barreiroweb.net\/wp-content\/uploads\/2013\/07\/Latas-na-Cidade-Barreiro-78+.jpg","datePublished":"2013-07-29T23:21:24+00:00","breadcrumb":{"@id":"https:\/\/arquivo.barreiroweb.net\/?p=10106#breadcrumb"},"inLanguage":"pt-PT","potentialAction":[{"@type":"ReadAction","target":["https:\/\/arquivo.barreiroweb.net\/?p=10106"]}]},{"@type":"ImageObject","inLanguage":"pt-PT","@id":"https:\/\/arquivo.barreiroweb.net\/?p=10106#primaryimage","url":"https:\/\/arquivo.barreiroweb.net\/wp-content\/uploads\/2013\/07\/Latas-na-Cidade-Barreiro-78+.jpg","contentUrl":"https:\/\/arquivo.barreiroweb.net\/wp-content\/uploads\/2013\/07\/Latas-na-Cidade-Barreiro-78+.jpg","width":305,"height":235},{"@type":"BreadcrumbList","@id":"https:\/\/arquivo.barreiroweb.net\/?p=10106#breadcrumb","itemListElement":[{"@type":"ListItem","position":1,"name":"In\u00edcio","item":"https:\/\/arquivo.barreiroweb.net\/"},{"@type":"ListItem","position":2,"name":"\u201cLatas na Cidade\u201d at\u00e9 30 de julho"}]},{"@type":"WebSite","@id":"https:\/\/arquivo.barreiroweb.net\/#website","url":"https:\/\/arquivo.barreiroweb.net\/","name":"barreiroweb","description":"Barreiroweb o barreiro na web","publisher":{"@id":"https:\/\/arquivo.barreiroweb.net\/#organization"},"potentialAction":[{"@type":"SearchAction","target":{"@type":"EntryPoint","urlTemplate":"https:\/\/arquivo.barreiroweb.net\/?s={search_term_string}"},"query-input":{"@type":"PropertyValueSpecification","valueRequired":true,"valueName":"search_term_string"}}],"inLanguage":"pt-PT"},{"@type":"Organization","@id":"https:\/\/arquivo.barreiroweb.net\/#organization","name":"barreiroweb","url":"https:\/\/arquivo.barreiroweb.net\/","logo":{"@type":"ImageObject","inLanguage":"pt-PT","@id":"https:\/\/arquivo.barreiroweb.net\/#\/schema\/logo\/image\/","url":"https:\/\/barreiroweb.net\/wp-content\/uploads\/2022\/05\/BarreiroWeb555.jpg","contentUrl":"https:\/\/barreiroweb.net\/wp-content\/uploads\/2022\/05\/BarreiroWeb555.jpg","width":421,"height":415,"caption":"barreiroweb"},"image":{"@id":"https:\/\/arquivo.barreiroweb.net\/#\/schema\/logo\/image\/"},"sameAs":["https:\/\/www.facebook.com\/barreiroweb","https:\/\/x.com\/barreiroweb"]},{"@type":"Person","@id":"https:\/\/arquivo.barreiroweb.net\/#\/schema\/person\/44b6d528aff975e3786c9f475f9df2dd","name":"barreiroweb","image":{"@type":"ImageObject","inLanguage":"pt-PT","@id":"https:\/\/arquivo.barreiroweb.net\/#\/schema\/person\/image\/","url":"https:\/\/secure.gravatar.com\/avatar\/1f764b917967430404ff0b452044eb63a25d64a5363b25be2aa42273930f477d?s=96&d=mm&r=g","contentUrl":"https:\/\/secure.gravatar.com\/avatar\/1f764b917967430404ff0b452044eb63a25d64a5363b25be2aa42273930f477d?s=96&d=mm&r=g","caption":"barreiroweb"},"url":"https:\/\/arquivo.barreiroweb.net\/?author=1"}]}},"_links":{"self":[{"href":"https:\/\/arquivo.barreiroweb.net\/index.php?rest_route=\/wp\/v2\/posts\/10106","targetHints":{"allow":["GET"]}}],"collection":[{"href":"https:\/\/arquivo.barreiroweb.net\/index.php?rest_route=\/wp\/v2\/posts"}],"about":[{"href":"https:\/\/arquivo.barreiroweb.net\/index.php?rest_route=\/wp\/v2\/types\/post"}],"author":[{"embeddable":true,"href":"https:\/\/arquivo.barreiroweb.net\/index.php?rest_route=\/wp\/v2\/users\/1"}],"replies":[{"embeddable":true,"href":"https:\/\/arquivo.barreiroweb.net\/index.php?rest_route=%2Fwp%2Fv2%2Fcomments&post=10106"}],"version-history":[{"count":2,"href":"https:\/\/arquivo.barreiroweb.net\/index.php?rest_route=\/wp\/v2\/posts\/10106\/revisions"}],"predecessor-version":[{"id":10110,"href":"https:\/\/arquivo.barreiroweb.net\/index.php?rest_route=\/wp\/v2\/posts\/10106\/revisions\/10110"}],"wp:featuredmedia":[{"embeddable":true,"href":"https:\/\/arquivo.barreiroweb.net\/index.php?rest_route=\/wp\/v2\/media\/10108"}],"wp:attachment":[{"href":"https:\/\/arquivo.barreiroweb.net\/index.php?rest_route=%2Fwp%2Fv2%2Fmedia&parent=10106"}],"wp:term":[{"taxonomy":"category","embeddable":true,"href":"https:\/\/arquivo.barreiroweb.net\/index.php?rest_route=%2Fwp%2Fv2%2Fcategories&post=10106"},{"taxonomy":"post_tag","embeddable":true,"href":"https:\/\/arquivo.barreiroweb.net\/index.php?rest_route=%2Fwp%2Fv2%2Ftags&post=10106"}],"curies":[{"name":"wp","href":"https:\/\/api.w.org\/{rel}","templated":true}]}}