{"id":10034,"date":"2013-07-11T23:40:25","date_gmt":"2013-07-11T22:40:25","guid":{"rendered":"http:\/\/barreiroweb.eu\/?p=10034"},"modified":"2013-07-11T23:40:25","modified_gmt":"2013-07-11T22:40:25","slug":"comissao-de-festas-2013-apresentada-em-conferencia-de-imprensa","status":"publish","type":"post","link":"https:\/\/arquivo.barreiroweb.net\/?p=10034","title":{"rendered":"Comiss\u00e3o de Festas 2013 Apresentada em Confer\u00eancia de Imprensa"},"content":{"rendered":"<p style=\"text-align: justify;\" align=\"center\"><a href=\"http:\/\/barreiroweb.eu\/wp-content\/uploads\/2013\/07\/CartazFestasBarreiro2013.jpg\" rel=\"lightbox[10034]\"><img loading=\"lazy\" decoding=\"async\" class=\"alignleft size-thumbnail wp-image-10035\" alt=\"CartazFestasBarreiro2013\" src=\"http:\/\/barreiroweb.eu\/wp-content\/uploads\/2013\/07\/CartazFestasBarreiro2013-150x150.jpg\" width=\"150\" height=\"150\" srcset=\"https:\/\/arquivo.barreiroweb.net\/wp-content\/uploads\/2013\/07\/CartazFestasBarreiro2013-150x150.jpg 150w, https:\/\/arquivo.barreiroweb.net\/wp-content\/uploads\/2013\/07\/CartazFestasBarreiro2013-50x50.jpg 50w, https:\/\/arquivo.barreiroweb.net\/wp-content\/uploads\/2013\/07\/CartazFestasBarreiro2013-70x70.jpg 70w, https:\/\/arquivo.barreiroweb.net\/wp-content\/uploads\/2013\/07\/CartazFestasBarreiro2013-55x55.jpg 55w\" sizes=\"auto, (max-width: 150px) 100vw, 150px\" \/><\/a>Foi apresentada ontem, 10 de julho, em confer\u00eancia de imprensa, a composi\u00e7\u00e3o da \u2018Comiss\u00e3o de Festas do Barreiro 2013\u2019. O encontro com a comunica\u00e7\u00e3o social teve lugar no secretariado das Festas e logo ap\u00f3s a assinatura da Ata da constitui\u00e7\u00e3o da respetiva Comiss\u00e3o. A sua natureza jur\u00eddica \u00e9 a de \u2013 associa\u00e7\u00e3o \u2013 sem fins lucrativos e com a dura\u00e7\u00e3o de quatro meses durante os quais ir\u00e1 envidar esfor\u00e7os para realizar as Festas do Barreiro 2013, em estreita articula\u00e7\u00e3o com a igreja da Par\u00f3quia de Nossa Senhora do Ros\u00e1rio.\u00a0<\/p>\n<p style=\"text-align: justify;\">Regina Janeiro, Vereadora da Cultura e Presidente da Dire\u00e7\u00e3o da Comiss\u00e3o, em representa\u00e7\u00e3o do Munic\u00edpio do Barreiro, explicou que em 2012 foi o \u2018ano zero\u2019, no que respeita \u00e0 exist\u00eancia de uma Comiss\u00e3o de Festas. Em 2013, referiu, \u201ctemos uma Comiss\u00e3o muito mais alargada, organizada e diversificada\u201d. Esta evolu\u00e7\u00e3o surge no seguimento de v\u00e1rias reuni\u00f5es, designadamente com o Movimento Associativo da freguesia do Barreiro pois a ideia \u00e9 a de construir as Festas do Barreiro com as institui\u00e7\u00f5es, com as pessoas, com o movimento associativo, com as IPSS.<\/p>\n<p style=\"text-align: justify;\">\u201cTodos os que manifestaram vontade integram hoje esta Comiss\u00e3o de Festas\u201d, salientou.<\/p>\n<p style=\"text-align: justify;\">Assim, fazem parte da Comiss\u00e3o: o <b>Munic\u00edpio do Barreiro<\/b>; a <b>Junta de Freguesia do Barreiro<\/b>; a <b>Sociedade de Instru\u00e7\u00e3o e Recreio Barreirense \u201cOs Penicheiros\u201d<\/b>; o <b>Moto Clube do Barreiro<\/b>; a <b>Associa\u00e7\u00e3o de Mulheres com Patologia Mam\u00e1ria<\/b>; o <b>Jardim de Inf\u00e2ncia D. Pedro V<\/b>; a <b>Banda Municipal do Barreiro<\/b>; o <b>Grupo de Dadores de Sangue do Concelho do Barreiro<\/b>; <b>Mem\u00f3ria Colorida \u2013 Associa\u00e7\u00e3o de Amigos da Col\u00f3nia de F\u00e9rias da CUF<\/b>; o <b>Grupo Desportivo 1\u00ba de Maio<\/b> e a <b><i>Gasoline<\/i> \u2013 Associa\u00e7\u00e3o Cultural e Desportiva<\/b>.\u00a0<\/p>\n<p style=\"text-align: justify;\">Refira-se que estes elementos encontram-se distribu\u00eddos pelos \u00f3rg\u00e3os sociais: \u2018Assembleia Geral\u2019 \u2013 \u2018Dire\u00e7\u00e3o\u2019 e \u2018Conselho Fiscal\u2019.<\/p>\n<p style=\"text-align: justify;\">\u00c0 semelhan\u00e7a de anos anteriores, e de forma a ajudar no desempenho da Comiss\u00e3o, a C\u00e2mara Municipal do Barreiro continuar\u00e1 a prestar todo o apoio t\u00e9cnico e log\u00edstico necess\u00e1rio \u00e0 realiza\u00e7\u00e3o das Festas.<\/p>\n<p style=\"text-align: justify;\"><b>FESTAS DO BARREIRO 2013 | DE 9 A 18 DE AGOSTO<\/b><\/p>\n<p style=\"text-align: justify;\">A data de realiza\u00e7\u00e3o das Festas do Barreiro est\u00e1 j\u00e1 definida, disse Regina Janeiro. \u201cProcurando como sempre que estas integrem o dia 15 de agosto, o dia da prociss\u00e3o. Ent\u00e3o, t\u00eam in\u00edcio na sexta-feira dia 9, vindo a terminar no domingo, dia 18 de agosto\u201d.<\/p>\n<p style=\"text-align: justify;\">Relativamente aos espa\u00e7os que s\u00e3o para manter e sem que o \u2018desenho\u2019 das Festas esteja completamente fechado, algumas decis\u00f5es tamb\u00e9m j\u00e1 foram tomadas. Assim, os <b>divertimentos<\/b> manter-se-\u00e3o no mesmo espa\u00e7o. A <b>MEI &#8211; Mostra Empresarial e Institucional<\/b> (com capacidade para integrar 60 stands e que j\u00e1 conta com muitos deles reservados), tamb\u00e9m funcionar\u00e1 no mesmo local que de h\u00e1 uns anos a esta parte e com anima\u00e7\u00e3o todas as noites. As <b>tasquinhas<\/b> (que tamb\u00e9m j\u00e1 registam bastante procura) ser\u00e3o, igualmente, mantidas no mesmo local mas como uma novidade. Segundo disse Regina Janeiro, e j\u00e1 fruto de uma Comiss\u00e3o de Festas mais ampla, a discuss\u00e3o evoluiu no sentido do alargamento do hor\u00e1rio de funcionamento das tasquinhas pois, \u201cfomos alertados para o facto de, as muitas centenas de pessoas que saem da praia puderem lanchar, logo a partir das 18h00\u201d.<\/p>\n<p style=\"text-align: justify;\">O <b>Palco das Mar\u00e9s<\/b> vai, tamb\u00e9m ele, ficar sensivelmente, no mesmo espa\u00e7o. Novidade, este ano, revelou a Vereadora da Cultura, \u201c\u00e9 o facto do <b>espa\u00e7o Juventude + Desporto<\/b> ficar situado naquele que \u00e9 o mais belo postal sobre Lisboa \u2013 a zona junto \u00e0 piscina Municipal do Barreiro onde, inclusive, j\u00e1 existe uma pista de skate. Provavelmente os hor\u00e1rios de funcionamento tamb\u00e9m ir\u00e3o sofrer altera\u00e7\u00f5es\u201d.\u00a0<\/p>\n<p style=\"text-align: justify;\">Ainda n\u00e3o est\u00e1 fechado o espa\u00e7o Crian\u00e7a e do Artesanato. Segundo a Vereadora para breve ficou agendada uma reuni\u00e3o com os vendedores ambulantes que, esses sim, ter\u00e3o de ser relocalizados, tendo em conta a compatibiliza\u00e7\u00e3o com as obras j\u00e1 conclu\u00eddas no \u00e2mbito da candidatura REPARA, na rua (Bento de Jesus Cara\u00e7a) junto \u00e0 Escola Secund\u00e1ria Alfredo da Silva.<\/p>\n<p style=\"text-align: justify;\"><b>ESPET\u00c1CULOS E PATROC\u00cdNIOS<\/b><\/p>\n<p style=\"text-align: justify;\">Ainda sem revelar a cargo de quem ficar\u00e3o os espet\u00e1culos de abertura e de encerramento, Regina Janeiro anunciou, grosso modo, as tem\u00e1ticas de algumas das noites das Festas.<\/p>\n<p style=\"text-align: justify;\">Presen\u00e7as como a Banda Municipal do Barreiro, no palco principal, j\u00e1 \u00e9 certa, bem como os \u201cColectivo Alburrica\u201d e \u201cCrooner Vieira\u201d, a par de uma noite dedicada \u00e0 Dan\u00e7a e outra dedicada ao Fado (com Jos\u00e9 Manuel Barreto). Soma-se a estas, a participa\u00e7\u00e3o dos \u201cCompanhia Limitada\u201d num espet\u00e1culo de homenagem aos \u2018Bee Gees\u2019.<\/p>\n<p style=\"text-align: justify;\">Os patroc\u00ednios, num ano de grandes dificuldades financeiras, est\u00e3o para j\u00e1 assegurados por parte da \u00abBa\u00eda Tejo\u00bb e \u00abForum Barreiro\u00bb.<\/p>\n<p style=\"text-align: justify;\">Raul Malac\u00e3o, na qualidade de Presidente da Assembleia Geral da Comiss\u00e3o de Festas 2013 e como representante da Junta de Freguesia do Barreiro endere\u00e7ou a todos os restantes membros desta Comiss\u00e3o votos de bom trabalho. \u201cDesejo que todos consigamos levar a bom porto a realiza\u00e7\u00e3o destas Festas da nossa Terra. Julgo que o faremos com a mesma determina\u00e7\u00e3o que estamos habituados a superar dificuldades na nossa vida profissional\u201d.<\/p>\n<p style=\"text-align: justify;\">Carlos Humberto de Carvalho, Presidente da Autarquia, salientou que os dez dias de realiza\u00e7\u00e3o das Festas do Barreiro s\u00e3o sempre uma oportunidade para encontros, reencontros e revisita\u00e7\u00e3o da cidade e do Concelho.<\/p>\n<p style=\"text-align: justify;\"><b>\u201cMomentos de descompress\u00e3o\u201d <\/b><\/p>\n<p style=\"text-align: justify;\">O Autarca considera que estes momentos de conv\u00edvio s\u00e3o mais necess\u00e1rios em per\u00edodos t\u00e3o exigentes da nossa vida pessoal e da vida das pr\u00f3prias intui\u00e7\u00f5es. \u201cConsidero que as Festas s\u00e3o um ponto de encontro para em conjunto convivermos, conversarmos e rever amizades\u201d.<\/p>\n<p style=\"text-align: justify;\">Carlos Humberto de Carvalho tamb\u00e9m considera que as Festas t\u00eam evolu\u00eddo no sentido da diversifica\u00e7\u00e3o e de novos espa\u00e7os. \u201cAs Festas hoje s\u00e3o mais ricas\u201d, disse, para acrescentar que \u201ca partilhar de mais vontades tamb\u00e9m me parece ser um fator muito positivo e interessante. A forma como a Comiss\u00e3o \u00e9 constru\u00edda \u00e9 disso um bom exemplo. O ano passado eram 4 entidades, este ano s\u00e3o 11\u201d.<\/p>\n<p style=\"text-align: justify;\">Para terminar, n\u00e3o quis deixar de salientar dois aspetos. \u201cEm grande medida vamos aproveitar as Festas para valorizar o patrim\u00f3nio industrial \u2013 o tema \u00e9 \u2013 A Rota do Trabalho e da Ind\u00fastria. E isso parece-me muito importante pois vem do passado, est\u00e1 no presente e marcar\u00e1 o futuro. E outro aspeto que considero importante \u00e9 o facto de termos quase completamente requalificado aquele espa\u00e7o de acesso a Alburrica. O passadi\u00e7o para os Moinhos n\u00e3o estar\u00e1 pronto, mas vai estar em obra e j\u00e1 de forma adiantada\u201d.<\/p>\n<p style=\"text-align: justify;\">\u00c0 Comiss\u00e3o de Festa desejou \u2018\u00eaxito\u2019 para que consiga realizar tudo aquilo a que se prop\u00f5e e aos barreirenses enviou votos para que consigam aproveitar os dez dias de festas, para descomprimir, conviver, recordar e carregarem \u2018baterias\u2019 para os dias que se lhes seguem. \u201cAs Festas tamb\u00e9m podem ser, elas pr\u00f3prias, um incentivo, ao per\u00edodo de dificuldades que atravessamos\u201d.<b>\u00a0<\/b><\/p>\n<p align=\"right\"><b>CMB 2013-07-11<\/b><\/p>\n","protected":false},"excerpt":{"rendered":"<p>Foi apresentada ontem, 10 de julho, em confer\u00eancia de imprensa, a composi\u00e7\u00e3o da \u2018Comiss\u00e3o de Festas do Barreiro 2013\u2019. O encontro com a comunica\u00e7\u00e3o social teve lugar no secretariado das Festas e logo ap\u00f3s a assinatura da Ata da constitui\u00e7\u00e3o da respetiva Comiss\u00e3o. A sua natureza jur\u00eddica \u00e9 a de \u2013 associa\u00e7\u00e3o \u2013 sem fins [&hellip;]<\/p>\n","protected":false},"author":1,"featured_media":10035,"comment_status":"open","ping_status":"open","sticky":false,"template":"","format":"standard","meta":{"footnotes":""},"categories":[32,3],"tags":[41,421],"class_list":["post-10034","post","type-post","status-publish","format-standard","has-post-thumbnail","hentry","category-destaque","category-eventos","tag-barreiro","tag-festas-do-barreiro","last_archivepost"],"yoast_head":"<!-- This site is optimized with the Yoast SEO plugin v27.1.1 - https:\/\/yoast.com\/product\/yoast-seo-wordpress\/ -->\n<title>Comiss\u00e3o de Festas 2013 Apresentada em Confer\u00eancia de Imprensa - barreiroweb<\/title>\n<meta name=\"robots\" content=\"index, follow, max-snippet:-1, max-image-preview:large, max-video-preview:-1\" \/>\n<link rel=\"canonical\" href=\"https:\/\/arquivo.barreiroweb.net\/?p=10034\" \/>\n<meta property=\"og:locale\" content=\"pt_PT\" \/>\n<meta property=\"og:type\" content=\"article\" \/>\n<meta property=\"og:title\" content=\"Comiss\u00e3o de Festas 2013 Apresentada em Confer\u00eancia de Imprensa - barreiroweb\" \/>\n<meta property=\"og:description\" content=\"Foi apresentada ontem, 10 de julho, em confer\u00eancia de imprensa, a composi\u00e7\u00e3o da \u2018Comiss\u00e3o de Festas do Barreiro 2013\u2019. O encontro com a comunica\u00e7\u00e3o social teve lugar no secretariado das Festas e logo ap\u00f3s a assinatura da Ata da constitui\u00e7\u00e3o da respetiva Comiss\u00e3o. A sua natureza jur\u00eddica \u00e9 a de \u2013 associa\u00e7\u00e3o \u2013 sem fins [&hellip;]\" \/>\n<meta property=\"og:url\" content=\"https:\/\/arquivo.barreiroweb.net\/?p=10034\" \/>\n<meta property=\"og:site_name\" content=\"barreiroweb\" \/>\n<meta property=\"article:publisher\" content=\"https:\/\/www.facebook.com\/barreiroweb\" \/>\n<meta property=\"article:published_time\" content=\"2013-07-11T22:40:25+00:00\" \/>\n<meta property=\"og:image\" content=\"https:\/\/arquivo.barreiroweb.net\/wp-content\/uploads\/2013\/07\/CartazFestasBarreiro2013.jpg\" \/>\n\t<meta property=\"og:image:width\" content=\"222\" \/>\n\t<meta property=\"og:image:height\" content=\"314\" \/>\n\t<meta property=\"og:image:type\" content=\"image\/jpeg\" \/>\n<meta name=\"author\" content=\"barreiroweb\" \/>\n<meta name=\"twitter:card\" content=\"summary_large_image\" \/>\n<meta name=\"twitter:creator\" content=\"@barreiroweb\" \/>\n<meta name=\"twitter:site\" content=\"@barreiroweb\" \/>\n<meta name=\"twitter:label1\" content=\"Escrito por\" \/>\n\t<meta name=\"twitter:data1\" content=\"barreiroweb\" \/>\n\t<meta name=\"twitter:label2\" content=\"Tempo estimado de leitura\" \/>\n\t<meta name=\"twitter:data2\" content=\"6 minutos\" \/>\n<script type=\"application\/ld+json\" class=\"yoast-schema-graph\">{\"@context\":\"https:\/\/schema.org\",\"@graph\":[{\"@type\":\"Article\",\"@id\":\"https:\/\/arquivo.barreiroweb.net\/?p=10034#article\",\"isPartOf\":{\"@id\":\"https:\/\/arquivo.barreiroweb.net\/?p=10034\"},\"author\":{\"name\":\"barreiroweb\",\"@id\":\"https:\/\/arquivo.barreiroweb.net\/#\/schema\/person\/44b6d528aff975e3786c9f475f9df2dd\"},\"headline\":\"Comiss\u00e3o de Festas 2013 Apresentada em Confer\u00eancia de Imprensa\",\"datePublished\":\"2013-07-11T22:40:25+00:00\",\"mainEntityOfPage\":{\"@id\":\"https:\/\/arquivo.barreiroweb.net\/?p=10034\"},\"wordCount\":1204,\"commentCount\":0,\"publisher\":{\"@id\":\"https:\/\/arquivo.barreiroweb.net\/#organization\"},\"image\":{\"@id\":\"https:\/\/arquivo.barreiroweb.net\/?p=10034#primaryimage\"},\"thumbnailUrl\":\"https:\/\/arquivo.barreiroweb.net\/wp-content\/uploads\/2013\/07\/CartazFestasBarreiro2013.jpg\",\"keywords\":[\"barreiro\",\"festas do barreiro\"],\"articleSection\":[\"Destaque\",\"Eventos\"],\"inLanguage\":\"pt-PT\",\"potentialAction\":[{\"@type\":\"CommentAction\",\"name\":\"Comment\",\"target\":[\"https:\/\/arquivo.barreiroweb.net\/?p=10034#respond\"]}]},{\"@type\":\"WebPage\",\"@id\":\"https:\/\/arquivo.barreiroweb.net\/?p=10034\",\"url\":\"https:\/\/arquivo.barreiroweb.net\/?p=10034\",\"name\":\"Comiss\u00e3o de Festas 2013 Apresentada em Confer\u00eancia de Imprensa - barreiroweb\",\"isPartOf\":{\"@id\":\"https:\/\/arquivo.barreiroweb.net\/#website\"},\"primaryImageOfPage\":{\"@id\":\"https:\/\/arquivo.barreiroweb.net\/?p=10034#primaryimage\"},\"image\":{\"@id\":\"https:\/\/arquivo.barreiroweb.net\/?p=10034#primaryimage\"},\"thumbnailUrl\":\"https:\/\/arquivo.barreiroweb.net\/wp-content\/uploads\/2013\/07\/CartazFestasBarreiro2013.jpg\",\"datePublished\":\"2013-07-11T22:40:25+00:00\",\"breadcrumb\":{\"@id\":\"https:\/\/arquivo.barreiroweb.net\/?p=10034#breadcrumb\"},\"inLanguage\":\"pt-PT\",\"potentialAction\":[{\"@type\":\"ReadAction\",\"target\":[\"https:\/\/arquivo.barreiroweb.net\/?p=10034\"]}]},{\"@type\":\"ImageObject\",\"inLanguage\":\"pt-PT\",\"@id\":\"https:\/\/arquivo.barreiroweb.net\/?p=10034#primaryimage\",\"url\":\"https:\/\/arquivo.barreiroweb.net\/wp-content\/uploads\/2013\/07\/CartazFestasBarreiro2013.jpg\",\"contentUrl\":\"https:\/\/arquivo.barreiroweb.net\/wp-content\/uploads\/2013\/07\/CartazFestasBarreiro2013.jpg\",\"width\":222,\"height\":314},{\"@type\":\"BreadcrumbList\",\"@id\":\"https:\/\/arquivo.barreiroweb.net\/?p=10034#breadcrumb\",\"itemListElement\":[{\"@type\":\"ListItem\",\"position\":1,\"name\":\"In\u00edcio\",\"item\":\"https:\/\/arquivo.barreiroweb.net\/\"},{\"@type\":\"ListItem\",\"position\":2,\"name\":\"Comiss\u00e3o de Festas 2013 Apresentada em Confer\u00eancia de Imprensa\"}]},{\"@type\":\"WebSite\",\"@id\":\"https:\/\/arquivo.barreiroweb.net\/#website\",\"url\":\"https:\/\/arquivo.barreiroweb.net\/\",\"name\":\"barreiroweb\",\"description\":\"Barreiroweb o barreiro na web\",\"publisher\":{\"@id\":\"https:\/\/arquivo.barreiroweb.net\/#organization\"},\"potentialAction\":[{\"@type\":\"SearchAction\",\"target\":{\"@type\":\"EntryPoint\",\"urlTemplate\":\"https:\/\/arquivo.barreiroweb.net\/?s={search_term_string}\"},\"query-input\":{\"@type\":\"PropertyValueSpecification\",\"valueRequired\":true,\"valueName\":\"search_term_string\"}}],\"inLanguage\":\"pt-PT\"},{\"@type\":\"Organization\",\"@id\":\"https:\/\/arquivo.barreiroweb.net\/#organization\",\"name\":\"barreiroweb\",\"url\":\"https:\/\/arquivo.barreiroweb.net\/\",\"logo\":{\"@type\":\"ImageObject\",\"inLanguage\":\"pt-PT\",\"@id\":\"https:\/\/arquivo.barreiroweb.net\/#\/schema\/logo\/image\/\",\"url\":\"https:\/\/barreiroweb.net\/wp-content\/uploads\/2022\/05\/BarreiroWeb555.jpg\",\"contentUrl\":\"https:\/\/barreiroweb.net\/wp-content\/uploads\/2022\/05\/BarreiroWeb555.jpg\",\"width\":421,\"height\":415,\"caption\":\"barreiroweb\"},\"image\":{\"@id\":\"https:\/\/arquivo.barreiroweb.net\/#\/schema\/logo\/image\/\"},\"sameAs\":[\"https:\/\/www.facebook.com\/barreiroweb\",\"https:\/\/x.com\/barreiroweb\"]},{\"@type\":\"Person\",\"@id\":\"https:\/\/arquivo.barreiroweb.net\/#\/schema\/person\/44b6d528aff975e3786c9f475f9df2dd\",\"name\":\"barreiroweb\",\"image\":{\"@type\":\"ImageObject\",\"inLanguage\":\"pt-PT\",\"@id\":\"https:\/\/arquivo.barreiroweb.net\/#\/schema\/person\/image\/\",\"url\":\"https:\/\/secure.gravatar.com\/avatar\/1f764b917967430404ff0b452044eb63a25d64a5363b25be2aa42273930f477d?s=96&d=mm&r=g\",\"contentUrl\":\"https:\/\/secure.gravatar.com\/avatar\/1f764b917967430404ff0b452044eb63a25d64a5363b25be2aa42273930f477d?s=96&d=mm&r=g\",\"caption\":\"barreiroweb\"},\"url\":\"https:\/\/arquivo.barreiroweb.net\/?author=1\"}]}<\/script>\n<!-- \/ Yoast SEO plugin. -->","yoast_head_json":{"title":"Comiss\u00e3o de Festas 2013 Apresentada em Confer\u00eancia de Imprensa - barreiroweb","robots":{"index":"index","follow":"follow","max-snippet":"max-snippet:-1","max-image-preview":"max-image-preview:large","max-video-preview":"max-video-preview:-1"},"canonical":"https:\/\/arquivo.barreiroweb.net\/?p=10034","og_locale":"pt_PT","og_type":"article","og_title":"Comiss\u00e3o de Festas 2013 Apresentada em Confer\u00eancia de Imprensa - barreiroweb","og_description":"Foi apresentada ontem, 10 de julho, em confer\u00eancia de imprensa, a composi\u00e7\u00e3o da \u2018Comiss\u00e3o de Festas do Barreiro 2013\u2019. O encontro com a comunica\u00e7\u00e3o social teve lugar no secretariado das Festas e logo ap\u00f3s a assinatura da Ata da constitui\u00e7\u00e3o da respetiva Comiss\u00e3o. A sua natureza jur\u00eddica \u00e9 a de \u2013 associa\u00e7\u00e3o \u2013 sem fins [&hellip;]","og_url":"https:\/\/arquivo.barreiroweb.net\/?p=10034","og_site_name":"barreiroweb","article_publisher":"https:\/\/www.facebook.com\/barreiroweb","article_published_time":"2013-07-11T22:40:25+00:00","og_image":[{"width":222,"height":314,"url":"https:\/\/arquivo.barreiroweb.net\/wp-content\/uploads\/2013\/07\/CartazFestasBarreiro2013.jpg","type":"image\/jpeg"}],"author":"barreiroweb","twitter_card":"summary_large_image","twitter_creator":"@barreiroweb","twitter_site":"@barreiroweb","twitter_misc":{"Escrito por":"barreiroweb","Tempo estimado de leitura":"6 minutos"},"schema":{"@context":"https:\/\/schema.org","@graph":[{"@type":"Article","@id":"https:\/\/arquivo.barreiroweb.net\/?p=10034#article","isPartOf":{"@id":"https:\/\/arquivo.barreiroweb.net\/?p=10034"},"author":{"name":"barreiroweb","@id":"https:\/\/arquivo.barreiroweb.net\/#\/schema\/person\/44b6d528aff975e3786c9f475f9df2dd"},"headline":"Comiss\u00e3o de Festas 2013 Apresentada em Confer\u00eancia de Imprensa","datePublished":"2013-07-11T22:40:25+00:00","mainEntityOfPage":{"@id":"https:\/\/arquivo.barreiroweb.net\/?p=10034"},"wordCount":1204,"commentCount":0,"publisher":{"@id":"https:\/\/arquivo.barreiroweb.net\/#organization"},"image":{"@id":"https:\/\/arquivo.barreiroweb.net\/?p=10034#primaryimage"},"thumbnailUrl":"https:\/\/arquivo.barreiroweb.net\/wp-content\/uploads\/2013\/07\/CartazFestasBarreiro2013.jpg","keywords":["barreiro","festas do barreiro"],"articleSection":["Destaque","Eventos"],"inLanguage":"pt-PT","potentialAction":[{"@type":"CommentAction","name":"Comment","target":["https:\/\/arquivo.barreiroweb.net\/?p=10034#respond"]}]},{"@type":"WebPage","@id":"https:\/\/arquivo.barreiroweb.net\/?p=10034","url":"https:\/\/arquivo.barreiroweb.net\/?p=10034","name":"Comiss\u00e3o de Festas 2013 Apresentada em Confer\u00eancia de Imprensa - barreiroweb","isPartOf":{"@id":"https:\/\/arquivo.barreiroweb.net\/#website"},"primaryImageOfPage":{"@id":"https:\/\/arquivo.barreiroweb.net\/?p=10034#primaryimage"},"image":{"@id":"https:\/\/arquivo.barreiroweb.net\/?p=10034#primaryimage"},"thumbnailUrl":"https:\/\/arquivo.barreiroweb.net\/wp-content\/uploads\/2013\/07\/CartazFestasBarreiro2013.jpg","datePublished":"2013-07-11T22:40:25+00:00","breadcrumb":{"@id":"https:\/\/arquivo.barreiroweb.net\/?p=10034#breadcrumb"},"inLanguage":"pt-PT","potentialAction":[{"@type":"ReadAction","target":["https:\/\/arquivo.barreiroweb.net\/?p=10034"]}]},{"@type":"ImageObject","inLanguage":"pt-PT","@id":"https:\/\/arquivo.barreiroweb.net\/?p=10034#primaryimage","url":"https:\/\/arquivo.barreiroweb.net\/wp-content\/uploads\/2013\/07\/CartazFestasBarreiro2013.jpg","contentUrl":"https:\/\/arquivo.barreiroweb.net\/wp-content\/uploads\/2013\/07\/CartazFestasBarreiro2013.jpg","width":222,"height":314},{"@type":"BreadcrumbList","@id":"https:\/\/arquivo.barreiroweb.net\/?p=10034#breadcrumb","itemListElement":[{"@type":"ListItem","position":1,"name":"In\u00edcio","item":"https:\/\/arquivo.barreiroweb.net\/"},{"@type":"ListItem","position":2,"name":"Comiss\u00e3o de Festas 2013 Apresentada em Confer\u00eancia de Imprensa"}]},{"@type":"WebSite","@id":"https:\/\/arquivo.barreiroweb.net\/#website","url":"https:\/\/arquivo.barreiroweb.net\/","name":"barreiroweb","description":"Barreiroweb o barreiro na web","publisher":{"@id":"https:\/\/arquivo.barreiroweb.net\/#organization"},"potentialAction":[{"@type":"SearchAction","target":{"@type":"EntryPoint","urlTemplate":"https:\/\/arquivo.barreiroweb.net\/?s={search_term_string}"},"query-input":{"@type":"PropertyValueSpecification","valueRequired":true,"valueName":"search_term_string"}}],"inLanguage":"pt-PT"},{"@type":"Organization","@id":"https:\/\/arquivo.barreiroweb.net\/#organization","name":"barreiroweb","url":"https:\/\/arquivo.barreiroweb.net\/","logo":{"@type":"ImageObject","inLanguage":"pt-PT","@id":"https:\/\/arquivo.barreiroweb.net\/#\/schema\/logo\/image\/","url":"https:\/\/barreiroweb.net\/wp-content\/uploads\/2022\/05\/BarreiroWeb555.jpg","contentUrl":"https:\/\/barreiroweb.net\/wp-content\/uploads\/2022\/05\/BarreiroWeb555.jpg","width":421,"height":415,"caption":"barreiroweb"},"image":{"@id":"https:\/\/arquivo.barreiroweb.net\/#\/schema\/logo\/image\/"},"sameAs":["https:\/\/www.facebook.com\/barreiroweb","https:\/\/x.com\/barreiroweb"]},{"@type":"Person","@id":"https:\/\/arquivo.barreiroweb.net\/#\/schema\/person\/44b6d528aff975e3786c9f475f9df2dd","name":"barreiroweb","image":{"@type":"ImageObject","inLanguage":"pt-PT","@id":"https:\/\/arquivo.barreiroweb.net\/#\/schema\/person\/image\/","url":"https:\/\/secure.gravatar.com\/avatar\/1f764b917967430404ff0b452044eb63a25d64a5363b25be2aa42273930f477d?s=96&d=mm&r=g","contentUrl":"https:\/\/secure.gravatar.com\/avatar\/1f764b917967430404ff0b452044eb63a25d64a5363b25be2aa42273930f477d?s=96&d=mm&r=g","caption":"barreiroweb"},"url":"https:\/\/arquivo.barreiroweb.net\/?author=1"}]}},"_links":{"self":[{"href":"https:\/\/arquivo.barreiroweb.net\/index.php?rest_route=\/wp\/v2\/posts\/10034","targetHints":{"allow":["GET"]}}],"collection":[{"href":"https:\/\/arquivo.barreiroweb.net\/index.php?rest_route=\/wp\/v2\/posts"}],"about":[{"href":"https:\/\/arquivo.barreiroweb.net\/index.php?rest_route=\/wp\/v2\/types\/post"}],"author":[{"embeddable":true,"href":"https:\/\/arquivo.barreiroweb.net\/index.php?rest_route=\/wp\/v2\/users\/1"}],"replies":[{"embeddable":true,"href":"https:\/\/arquivo.barreiroweb.net\/index.php?rest_route=%2Fwp%2Fv2%2Fcomments&post=10034"}],"version-history":[{"count":2,"href":"https:\/\/arquivo.barreiroweb.net\/index.php?rest_route=\/wp\/v2\/posts\/10034\/revisions"}],"predecessor-version":[{"id":10037,"href":"https:\/\/arquivo.barreiroweb.net\/index.php?rest_route=\/wp\/v2\/posts\/10034\/revisions\/10037"}],"wp:featuredmedia":[{"embeddable":true,"href":"https:\/\/arquivo.barreiroweb.net\/index.php?rest_route=\/wp\/v2\/media\/10035"}],"wp:attachment":[{"href":"https:\/\/arquivo.barreiroweb.net\/index.php?rest_route=%2Fwp%2Fv2%2Fmedia&parent=10034"}],"wp:term":[{"taxonomy":"category","embeddable":true,"href":"https:\/\/arquivo.barreiroweb.net\/index.php?rest_route=%2Fwp%2Fv2%2Fcategories&post=10034"},{"taxonomy":"post_tag","embeddable":true,"href":"https:\/\/arquivo.barreiroweb.net\/index.php?rest_route=%2Fwp%2Fv2%2Ftags&post=10034"}],"curies":[{"name":"wp","href":"https:\/\/api.w.org\/{rel}","templated":true}]}}