{"id":10022,"date":"2013-07-05T00:06:34","date_gmt":"2013-07-04T23:06:34","guid":{"rendered":"http:\/\/barreiroweb.eu\/?p=10022"},"modified":"2013-07-05T00:06:34","modified_gmt":"2013-07-04T23:06:34","slug":"reserva-o-verao-em-julho","status":"publish","type":"post","link":"https:\/\/arquivo.barreiroweb.net\/?p=10022","title":{"rendered":"RESERVA O VER\u00c3O em julho"},"content":{"rendered":"<p style=\"text-align: justify;\"><a href=\"http:\/\/barreiroweb.eu\/wp-content\/uploads\/2013\/07\/capa_agenda2.jpg\" rel=\"lightbox[10022]\"><img loading=\"lazy\" decoding=\"async\" class=\"alignleft size-thumbnail wp-image-10023\" alt=\"capa_agenda2\" src=\"http:\/\/barreiroweb.eu\/wp-content\/uploads\/2013\/07\/capa_agenda2-150x150.jpg\" width=\"150\" height=\"150\" srcset=\"https:\/\/arquivo.barreiroweb.net\/wp-content\/uploads\/2013\/07\/capa_agenda2-150x150.jpg 150w, https:\/\/arquivo.barreiroweb.net\/wp-content\/uploads\/2013\/07\/capa_agenda2-50x50.jpg 50w, https:\/\/arquivo.barreiroweb.net\/wp-content\/uploads\/2013\/07\/capa_agenda2-70x70.jpg 70w, https:\/\/arquivo.barreiroweb.net\/wp-content\/uploads\/2013\/07\/capa_agenda2-55x55.jpg 55w\" sizes=\"auto, (max-width: 150px) 100vw, 150px\" \/><\/a>A C\u00e2mara Municipal do Barreiro (CMB), atrav\u00e9s da Divis\u00e3o de Sustentabilidade Ambiental, est\u00e1 a promover pelo quarto ano consecutivo, a Agenda de Atividades. Em 2013 e sob o mote RESERVA O VER\u00c3O, as atividades pretendem continuar a promover e a divulgar a riqueza natural do Concelho, Mata Nacional da Machada e Sapal do Rio Coinas, agora designada por Reserva Natural Local (RNL).<\/p>\n<p style=\"text-align: justify;\">As primeiras iniciativas de JULHO est\u00e3o agendadas para s\u00e1bado e domingo, dias 6 e 7, e compreendem as a\u00e7\u00f5es \u00abCientistas Loucos\u00bb e \u00abCulin\u00e1ria Tradicional Sustent\u00e1vel\u00bb.<\/p>\n<p style=\"text-align: justify;\">Assim, e para s\u00e1bado, entre as 9h30 e as 12h30, os participantes (dos 6 aos 12 anos) v\u00e3o \u2018visitar\u2019 um laborat\u00f3rio e contactar de perto com experi\u00eancias que fazem fumo, borbulham e alteram os seus componentes. Uma manh\u00e3 divertida e a cargo da marca \u2018Science4You\u00bb.<\/p>\n<p style=\"text-align: justify;\">No domingo, dia 7 de julho, entre as 10h00 e as 14h00, a proposta \u00e9 um workshop de culin\u00e1ria, com limite de 16 participantes, da responsabilidade de In\u00eas Barros. No final da atividade os participantes v\u00e3o deliciar-se com o almo\u00e7o confecionado.<\/p>\n<p style=\"text-align: justify;\">\u00abAqui h\u00e1 Lagarto! \u00c0 Descoberta dos R\u00e9pteis e Anf\u00edbios\u00bb \u00e9 o convite para s\u00e1bado, 13 de julho, entre as 9h00 e as 12h00. Esta atividades que ser\u00e1 conduzida pelo \u00abGrupo Flamingo\u00bb prop\u00f5e um percurso para observa\u00e7\u00e3o e identifica\u00e7\u00e3o de algumas esp\u00e9cies. No domingo, 14, ser\u00e1 a vez dos mais pequenos experimentarem \u00abPlasticina Caseira Comest\u00edvel\u00bb feita em fam\u00edlia e com ingredientes que s\u00e3o alimentos, logo n\u00e3o t\u00f3xicos. Entre as 10h00 e as 11h30, para um n\u00famero m\u00e1ximo de 16 crian\u00e7as com mais de 12 meses. Da responsabilidade da empresa \u00abSorrisos e Descobertas\u00bb<\/p>\n<p style=\"text-align: justify;\">Para os dias 20 e 21 de julho, sempre das 9h30 \u00e0s 12h30, o convite incide num \u00abWorkshop Sobre Composi\u00e7\u00e3o Fotogr\u00e1fica I e II\u00bb. Aqui, um m\u00e1ximo de 20 participantes, ir\u00e1 aprender que o processo de cria\u00e7\u00e3o de uma imagem fotogr\u00e1fica \u00e9 composto por v\u00e1rias etapas. Quem ministra a a\u00e7\u00e3o \u00e9 Nuno Cabrita, da C\u00e2mara Municipal do Barreiro.<\/p>\n<p style=\"text-align: justify;\">No \u00faltimo fim-de-semana de julho, dias 27 e 28, temos \u00abHortas de Varanda\u00bb e \u00abReceitas Caseiras Para Males Comuns\u00bb. S\u00e1bado, a atividade decorre das 9h00 \u00e0s 13h00, para 20 participantes, e pretende transmitir conhecimentos t\u00e9cnicos para cultivar uma pequena horte num espa\u00e7o reduzido. O respons\u00e1vel pela iniciativa \u00e9 Ant\u00f3nio Pinheiro, da C\u00e2mara Municipal do Barreiro.<\/p>\n<p style=\"text-align: justify;\">No domingo, 28, entre as 9h30 e as 13h00, Fernanda Botelho ensina a utilizar a farm\u00e1cia que temos na nossa cozinha para tratar de alguns dos problemas de sa\u00fade mais comuns. Tamb\u00e9m aqui ser\u00e3o 20 o total permitido de participantes.<\/p>\n<p style=\"text-align: justify;\">De recordar que, sempre no primeiro fim-de-semana de cada m\u00eas h\u00e1 \u00abVolteio a Cavalo\u00bb. Aos s\u00e1bados, das 9h00 \u00e0s 13h00 e das 16h00 \u00e0s 19h00 e aos domingos das 9h00 \u00e0s 13h00. Tratasse de uma atividade gratuita da responsabilidade da Escola de Equita\u00e7\u00e3o \u2013 Quinta Pedag\u00f3gica \u201cA Quintinha\u201d em Santo Ant\u00f3nio da Charneca.<\/p>\n<p style=\"text-align: justify;\">Refira-se que at\u00e9 setembro e sempre aos fins-de-semana, as atividades da Agenda t\u00eam lugar no Centro de Educa\u00e7\u00e3o Ambiental da Mata da Machada e Sapal do Rio Coina e espa\u00e7o envolvente, e apostam num programa diferenciado que passa pelo desporto, ci\u00eancia, biologia e ecologia, culin\u00e1ria, arte e aventura.<\/p>\n<p style=\"text-align: justify;\">A Agenda de Atividades completa est\u00e1 dispon\u00edvel em <a href=\"http:\/\/www.cm-barreiro.pt\/\">www.cm-barreiro.pt<\/a><\/p>\n<p style=\"text-align: justify;\">Mais informa\u00e7\u00f5es\/inscri\u00e7\u00f5es podem ser solicitadas atrav\u00e9s do n\u00famero 21 206 80 42, da Divis\u00e3o de Sustentabilidade Ambiental da CMB.<\/p>\n<p style=\"text-align: justify;\">CMB 2013-07-03<\/p>\n","protected":false},"excerpt":{"rendered":"<p>A C\u00e2mara Municipal do Barreiro (CMB), atrav\u00e9s da Divis\u00e3o de Sustentabilidade Ambiental, est\u00e1 a promover pelo quarto ano consecutivo, a Agenda de Atividades. Em 2013 e sob o mote RESERVA O VER\u00c3O, as atividades pretendem continuar a promover e a divulgar a riqueza natural do Concelho, Mata Nacional da Machada e Sapal do Rio Coinas, [&hellip;]<\/p>\n","protected":false},"author":1,"featured_media":10023,"comment_status":"open","ping_status":"open","sticky":false,"template":"","format":"standard","meta":{"footnotes":""},"categories":[32,3],"tags":[41,419],"class_list":["post-10022","post","type-post","status-publish","format-standard","has-post-thumbnail","hentry","category-destaque","category-eventos","tag-barreiro","tag-reserva-o-verao","last_archivepost"],"yoast_head":"<!-- This site is optimized with the Yoast SEO plugin v27.1.1 - https:\/\/yoast.com\/product\/yoast-seo-wordpress\/ -->\n<title>RESERVA O VER\u00c3O em julho  - barreiroweb<\/title>\n<meta name=\"robots\" content=\"index, follow, max-snippet:-1, max-image-preview:large, max-video-preview:-1\" \/>\n<link rel=\"canonical\" href=\"https:\/\/arquivo.barreiroweb.net\/?p=10022\" \/>\n<meta property=\"og:locale\" content=\"pt_PT\" \/>\n<meta property=\"og:type\" content=\"article\" \/>\n<meta property=\"og:title\" content=\"RESERVA O VER\u00c3O em julho  - barreiroweb\" \/>\n<meta property=\"og:description\" content=\"A C\u00e2mara Municipal do Barreiro (CMB), atrav\u00e9s da Divis\u00e3o de Sustentabilidade Ambiental, est\u00e1 a promover pelo quarto ano consecutivo, a Agenda de Atividades. Em 2013 e sob o mote RESERVA O VER\u00c3O, as atividades pretendem continuar a promover e a divulgar a riqueza natural do Concelho, Mata Nacional da Machada e Sapal do Rio Coinas, [&hellip;]\" \/>\n<meta property=\"og:url\" content=\"https:\/\/arquivo.barreiroweb.net\/?p=10022\" \/>\n<meta property=\"og:site_name\" content=\"barreiroweb\" \/>\n<meta property=\"article:publisher\" content=\"https:\/\/www.facebook.com\/barreiroweb\" \/>\n<meta property=\"article:published_time\" content=\"2013-07-04T23:06:34+00:00\" \/>\n<meta property=\"og:image\" content=\"https:\/\/arquivo.barreiroweb.net\/wp-content\/uploads\/2013\/07\/capa_agenda2.jpg\" \/>\n\t<meta property=\"og:image:width\" content=\"222\" \/>\n\t<meta property=\"og:image:height\" content=\"314\" \/>\n\t<meta property=\"og:image:type\" content=\"image\/jpeg\" \/>\n<meta name=\"author\" content=\"barreiroweb\" \/>\n<meta name=\"twitter:card\" content=\"summary_large_image\" \/>\n<meta name=\"twitter:creator\" content=\"@barreiroweb\" \/>\n<meta name=\"twitter:site\" content=\"@barreiroweb\" \/>\n<meta name=\"twitter:label1\" content=\"Escrito por\" \/>\n\t<meta name=\"twitter:data1\" content=\"barreiroweb\" \/>\n\t<meta name=\"twitter:label2\" content=\"Tempo estimado de leitura\" \/>\n\t<meta name=\"twitter:data2\" content=\"3 minutos\" \/>\n<script type=\"application\/ld+json\" class=\"yoast-schema-graph\">{\"@context\":\"https:\/\/schema.org\",\"@graph\":[{\"@type\":\"Article\",\"@id\":\"https:\/\/arquivo.barreiroweb.net\/?p=10022#article\",\"isPartOf\":{\"@id\":\"https:\/\/arquivo.barreiroweb.net\/?p=10022\"},\"author\":{\"name\":\"barreiroweb\",\"@id\":\"https:\/\/arquivo.barreiroweb.net\/#\/schema\/person\/44b6d528aff975e3786c9f475f9df2dd\"},\"headline\":\"RESERVA O VER\u00c3O em julho\",\"datePublished\":\"2013-07-04T23:06:34+00:00\",\"mainEntityOfPage\":{\"@id\":\"https:\/\/arquivo.barreiroweb.net\/?p=10022\"},\"wordCount\":595,\"commentCount\":0,\"publisher\":{\"@id\":\"https:\/\/arquivo.barreiroweb.net\/#organization\"},\"image\":{\"@id\":\"https:\/\/arquivo.barreiroweb.net\/?p=10022#primaryimage\"},\"thumbnailUrl\":\"https:\/\/arquivo.barreiroweb.net\/wp-content\/uploads\/2013\/07\/capa_agenda2.jpg\",\"keywords\":[\"barreiro\",\"RESERVA O VER\u00c3O\"],\"articleSection\":[\"Destaque\",\"Eventos\"],\"inLanguage\":\"pt-PT\",\"potentialAction\":[{\"@type\":\"CommentAction\",\"name\":\"Comment\",\"target\":[\"https:\/\/arquivo.barreiroweb.net\/?p=10022#respond\"]}]},{\"@type\":\"WebPage\",\"@id\":\"https:\/\/arquivo.barreiroweb.net\/?p=10022\",\"url\":\"https:\/\/arquivo.barreiroweb.net\/?p=10022\",\"name\":\"RESERVA O VER\u00c3O em julho - barreiroweb\",\"isPartOf\":{\"@id\":\"https:\/\/arquivo.barreiroweb.net\/#website\"},\"primaryImageOfPage\":{\"@id\":\"https:\/\/arquivo.barreiroweb.net\/?p=10022#primaryimage\"},\"image\":{\"@id\":\"https:\/\/arquivo.barreiroweb.net\/?p=10022#primaryimage\"},\"thumbnailUrl\":\"https:\/\/arquivo.barreiroweb.net\/wp-content\/uploads\/2013\/07\/capa_agenda2.jpg\",\"datePublished\":\"2013-07-04T23:06:34+00:00\",\"breadcrumb\":{\"@id\":\"https:\/\/arquivo.barreiroweb.net\/?p=10022#breadcrumb\"},\"inLanguage\":\"pt-PT\",\"potentialAction\":[{\"@type\":\"ReadAction\",\"target\":[\"https:\/\/arquivo.barreiroweb.net\/?p=10022\"]}]},{\"@type\":\"ImageObject\",\"inLanguage\":\"pt-PT\",\"@id\":\"https:\/\/arquivo.barreiroweb.net\/?p=10022#primaryimage\",\"url\":\"https:\/\/arquivo.barreiroweb.net\/wp-content\/uploads\/2013\/07\/capa_agenda2.jpg\",\"contentUrl\":\"https:\/\/arquivo.barreiroweb.net\/wp-content\/uploads\/2013\/07\/capa_agenda2.jpg\",\"width\":222,\"height\":314},{\"@type\":\"BreadcrumbList\",\"@id\":\"https:\/\/arquivo.barreiroweb.net\/?p=10022#breadcrumb\",\"itemListElement\":[{\"@type\":\"ListItem\",\"position\":1,\"name\":\"In\u00edcio\",\"item\":\"https:\/\/arquivo.barreiroweb.net\/\"},{\"@type\":\"ListItem\",\"position\":2,\"name\":\"RESERVA O VER\u00c3O em julho\"}]},{\"@type\":\"WebSite\",\"@id\":\"https:\/\/arquivo.barreiroweb.net\/#website\",\"url\":\"https:\/\/arquivo.barreiroweb.net\/\",\"name\":\"barreiroweb\",\"description\":\"Barreiroweb o barreiro na web\",\"publisher\":{\"@id\":\"https:\/\/arquivo.barreiroweb.net\/#organization\"},\"potentialAction\":[{\"@type\":\"SearchAction\",\"target\":{\"@type\":\"EntryPoint\",\"urlTemplate\":\"https:\/\/arquivo.barreiroweb.net\/?s={search_term_string}\"},\"query-input\":{\"@type\":\"PropertyValueSpecification\",\"valueRequired\":true,\"valueName\":\"search_term_string\"}}],\"inLanguage\":\"pt-PT\"},{\"@type\":\"Organization\",\"@id\":\"https:\/\/arquivo.barreiroweb.net\/#organization\",\"name\":\"barreiroweb\",\"url\":\"https:\/\/arquivo.barreiroweb.net\/\",\"logo\":{\"@type\":\"ImageObject\",\"inLanguage\":\"pt-PT\",\"@id\":\"https:\/\/arquivo.barreiroweb.net\/#\/schema\/logo\/image\/\",\"url\":\"https:\/\/barreiroweb.net\/wp-content\/uploads\/2022\/05\/BarreiroWeb555.jpg\",\"contentUrl\":\"https:\/\/barreiroweb.net\/wp-content\/uploads\/2022\/05\/BarreiroWeb555.jpg\",\"width\":421,\"height\":415,\"caption\":\"barreiroweb\"},\"image\":{\"@id\":\"https:\/\/arquivo.barreiroweb.net\/#\/schema\/logo\/image\/\"},\"sameAs\":[\"https:\/\/www.facebook.com\/barreiroweb\",\"https:\/\/x.com\/barreiroweb\"]},{\"@type\":\"Person\",\"@id\":\"https:\/\/arquivo.barreiroweb.net\/#\/schema\/person\/44b6d528aff975e3786c9f475f9df2dd\",\"name\":\"barreiroweb\",\"image\":{\"@type\":\"ImageObject\",\"inLanguage\":\"pt-PT\",\"@id\":\"https:\/\/arquivo.barreiroweb.net\/#\/schema\/person\/image\/\",\"url\":\"https:\/\/secure.gravatar.com\/avatar\/1f764b917967430404ff0b452044eb63a25d64a5363b25be2aa42273930f477d?s=96&d=mm&r=g\",\"contentUrl\":\"https:\/\/secure.gravatar.com\/avatar\/1f764b917967430404ff0b452044eb63a25d64a5363b25be2aa42273930f477d?s=96&d=mm&r=g\",\"caption\":\"barreiroweb\"},\"url\":\"https:\/\/arquivo.barreiroweb.net\/?author=1\"}]}<\/script>\n<!-- \/ Yoast SEO plugin. -->","yoast_head_json":{"title":"RESERVA O VER\u00c3O em julho  - barreiroweb","robots":{"index":"index","follow":"follow","max-snippet":"max-snippet:-1","max-image-preview":"max-image-preview:large","max-video-preview":"max-video-preview:-1"},"canonical":"https:\/\/arquivo.barreiroweb.net\/?p=10022","og_locale":"pt_PT","og_type":"article","og_title":"RESERVA O VER\u00c3O em julho  - barreiroweb","og_description":"A C\u00e2mara Municipal do Barreiro (CMB), atrav\u00e9s da Divis\u00e3o de Sustentabilidade Ambiental, est\u00e1 a promover pelo quarto ano consecutivo, a Agenda de Atividades. Em 2013 e sob o mote RESERVA O VER\u00c3O, as atividades pretendem continuar a promover e a divulgar a riqueza natural do Concelho, Mata Nacional da Machada e Sapal do Rio Coinas, [&hellip;]","og_url":"https:\/\/arquivo.barreiroweb.net\/?p=10022","og_site_name":"barreiroweb","article_publisher":"https:\/\/www.facebook.com\/barreiroweb","article_published_time":"2013-07-04T23:06:34+00:00","og_image":[{"width":222,"height":314,"url":"https:\/\/arquivo.barreiroweb.net\/wp-content\/uploads\/2013\/07\/capa_agenda2.jpg","type":"image\/jpeg"}],"author":"barreiroweb","twitter_card":"summary_large_image","twitter_creator":"@barreiroweb","twitter_site":"@barreiroweb","twitter_misc":{"Escrito por":"barreiroweb","Tempo estimado de leitura":"3 minutos"},"schema":{"@context":"https:\/\/schema.org","@graph":[{"@type":"Article","@id":"https:\/\/arquivo.barreiroweb.net\/?p=10022#article","isPartOf":{"@id":"https:\/\/arquivo.barreiroweb.net\/?p=10022"},"author":{"name":"barreiroweb","@id":"https:\/\/arquivo.barreiroweb.net\/#\/schema\/person\/44b6d528aff975e3786c9f475f9df2dd"},"headline":"RESERVA O VER\u00c3O em julho","datePublished":"2013-07-04T23:06:34+00:00","mainEntityOfPage":{"@id":"https:\/\/arquivo.barreiroweb.net\/?p=10022"},"wordCount":595,"commentCount":0,"publisher":{"@id":"https:\/\/arquivo.barreiroweb.net\/#organization"},"image":{"@id":"https:\/\/arquivo.barreiroweb.net\/?p=10022#primaryimage"},"thumbnailUrl":"https:\/\/arquivo.barreiroweb.net\/wp-content\/uploads\/2013\/07\/capa_agenda2.jpg","keywords":["barreiro","RESERVA O VER\u00c3O"],"articleSection":["Destaque","Eventos"],"inLanguage":"pt-PT","potentialAction":[{"@type":"CommentAction","name":"Comment","target":["https:\/\/arquivo.barreiroweb.net\/?p=10022#respond"]}]},{"@type":"WebPage","@id":"https:\/\/arquivo.barreiroweb.net\/?p=10022","url":"https:\/\/arquivo.barreiroweb.net\/?p=10022","name":"RESERVA O VER\u00c3O em julho - barreiroweb","isPartOf":{"@id":"https:\/\/arquivo.barreiroweb.net\/#website"},"primaryImageOfPage":{"@id":"https:\/\/arquivo.barreiroweb.net\/?p=10022#primaryimage"},"image":{"@id":"https:\/\/arquivo.barreiroweb.net\/?p=10022#primaryimage"},"thumbnailUrl":"https:\/\/arquivo.barreiroweb.net\/wp-content\/uploads\/2013\/07\/capa_agenda2.jpg","datePublished":"2013-07-04T23:06:34+00:00","breadcrumb":{"@id":"https:\/\/arquivo.barreiroweb.net\/?p=10022#breadcrumb"},"inLanguage":"pt-PT","potentialAction":[{"@type":"ReadAction","target":["https:\/\/arquivo.barreiroweb.net\/?p=10022"]}]},{"@type":"ImageObject","inLanguage":"pt-PT","@id":"https:\/\/arquivo.barreiroweb.net\/?p=10022#primaryimage","url":"https:\/\/arquivo.barreiroweb.net\/wp-content\/uploads\/2013\/07\/capa_agenda2.jpg","contentUrl":"https:\/\/arquivo.barreiroweb.net\/wp-content\/uploads\/2013\/07\/capa_agenda2.jpg","width":222,"height":314},{"@type":"BreadcrumbList","@id":"https:\/\/arquivo.barreiroweb.net\/?p=10022#breadcrumb","itemListElement":[{"@type":"ListItem","position":1,"name":"In\u00edcio","item":"https:\/\/arquivo.barreiroweb.net\/"},{"@type":"ListItem","position":2,"name":"RESERVA O VER\u00c3O em julho"}]},{"@type":"WebSite","@id":"https:\/\/arquivo.barreiroweb.net\/#website","url":"https:\/\/arquivo.barreiroweb.net\/","name":"barreiroweb","description":"Barreiroweb o barreiro na web","publisher":{"@id":"https:\/\/arquivo.barreiroweb.net\/#organization"},"potentialAction":[{"@type":"SearchAction","target":{"@type":"EntryPoint","urlTemplate":"https:\/\/arquivo.barreiroweb.net\/?s={search_term_string}"},"query-input":{"@type":"PropertyValueSpecification","valueRequired":true,"valueName":"search_term_string"}}],"inLanguage":"pt-PT"},{"@type":"Organization","@id":"https:\/\/arquivo.barreiroweb.net\/#organization","name":"barreiroweb","url":"https:\/\/arquivo.barreiroweb.net\/","logo":{"@type":"ImageObject","inLanguage":"pt-PT","@id":"https:\/\/arquivo.barreiroweb.net\/#\/schema\/logo\/image\/","url":"https:\/\/barreiroweb.net\/wp-content\/uploads\/2022\/05\/BarreiroWeb555.jpg","contentUrl":"https:\/\/barreiroweb.net\/wp-content\/uploads\/2022\/05\/BarreiroWeb555.jpg","width":421,"height":415,"caption":"barreiroweb"},"image":{"@id":"https:\/\/arquivo.barreiroweb.net\/#\/schema\/logo\/image\/"},"sameAs":["https:\/\/www.facebook.com\/barreiroweb","https:\/\/x.com\/barreiroweb"]},{"@type":"Person","@id":"https:\/\/arquivo.barreiroweb.net\/#\/schema\/person\/44b6d528aff975e3786c9f475f9df2dd","name":"barreiroweb","image":{"@type":"ImageObject","inLanguage":"pt-PT","@id":"https:\/\/arquivo.barreiroweb.net\/#\/schema\/person\/image\/","url":"https:\/\/secure.gravatar.com\/avatar\/1f764b917967430404ff0b452044eb63a25d64a5363b25be2aa42273930f477d?s=96&d=mm&r=g","contentUrl":"https:\/\/secure.gravatar.com\/avatar\/1f764b917967430404ff0b452044eb63a25d64a5363b25be2aa42273930f477d?s=96&d=mm&r=g","caption":"barreiroweb"},"url":"https:\/\/arquivo.barreiroweb.net\/?author=1"}]}},"_links":{"self":[{"href":"https:\/\/arquivo.barreiroweb.net\/index.php?rest_route=\/wp\/v2\/posts\/10022","targetHints":{"allow":["GET"]}}],"collection":[{"href":"https:\/\/arquivo.barreiroweb.net\/index.php?rest_route=\/wp\/v2\/posts"}],"about":[{"href":"https:\/\/arquivo.barreiroweb.net\/index.php?rest_route=\/wp\/v2\/types\/post"}],"author":[{"embeddable":true,"href":"https:\/\/arquivo.barreiroweb.net\/index.php?rest_route=\/wp\/v2\/users\/1"}],"replies":[{"embeddable":true,"href":"https:\/\/arquivo.barreiroweb.net\/index.php?rest_route=%2Fwp%2Fv2%2Fcomments&post=10022"}],"version-history":[{"count":2,"href":"https:\/\/arquivo.barreiroweb.net\/index.php?rest_route=\/wp\/v2\/posts\/10022\/revisions"}],"predecessor-version":[{"id":10025,"href":"https:\/\/arquivo.barreiroweb.net\/index.php?rest_route=\/wp\/v2\/posts\/10022\/revisions\/10025"}],"wp:featuredmedia":[{"embeddable":true,"href":"https:\/\/arquivo.barreiroweb.net\/index.php?rest_route=\/wp\/v2\/media\/10023"}],"wp:attachment":[{"href":"https:\/\/arquivo.barreiroweb.net\/index.php?rest_route=%2Fwp%2Fv2%2Fmedia&parent=10022"}],"wp:term":[{"taxonomy":"category","embeddable":true,"href":"https:\/\/arquivo.barreiroweb.net\/index.php?rest_route=%2Fwp%2Fv2%2Fcategories&post=10022"},{"taxonomy":"post_tag","embeddable":true,"href":"https:\/\/arquivo.barreiroweb.net\/index.php?rest_route=%2Fwp%2Fv2%2Ftags&post=10022"}],"curies":[{"name":"wp","href":"https:\/\/api.w.org\/{rel}","templated":true}]}}